{"id":661,"date":"2019-02-21T12:07:00","date_gmt":"2019-02-21T11:07:00","guid":{"rendered":"http:\/\/ksagros.pl\/?p=661"},"modified":"2021-02-10T19:12:57","modified_gmt":"2021-02-10T18:12:57","slug":"tropem-wilczym","status":"publish","type":"post","link":"https:\/\/ksagros.pl\/index.php\/2019\/02\/21\/tropem-wilczym\/","title":{"rendered":"Tropem Wilczym"},"content":{"rendered":"\n<p>&#8222;Tropem Wilczym Bieg Pami\u0119ci \u017bo\u0142nierzy Wykl\u0119tych&#8221;<\/p>\n\n\n\n<p>W dniu 3 marca 2019r. odb\u0119dzie si\u0119 bieg \u201eTropem Wilczym Bieg Pami\u0119ci \u017bo\u0142nierzy Wykl\u0119tych\u201d.<\/p>\n\n\n\n<p>Inicjatorem i pomys\u0142odawc\u0105 wydarzenia jest Fundacja Wolno\u015b\u0107 i Demokracja. Organizatorem lokalnym Miasta Zamo\u015b\u0107 jest O\u015brodek Sportu i Rekreacji w Zamo\u015bciu, KS Agros Zamo\u015b\u0107. Bieg ze wzgl\u0119du na sw\u00f3j charakter, oddaje ho\u0142d \u017co\u0142nierzom polskiego podziemia antykomunistycznego dzia\u0142aj\u0105cego w latach 1944-1963 jak i ma na celu popularyzacj\u0119 wiedzy i \u015bwiadomo\u015bci historycznej na temat \u017bo\u0142nierzy Wykl\u0119tych. Dystans rodzinny obligatoryjny dla wszystkich wynosi 1963 metry. Wskazuje on na dat\u0119 \u015bmierci ostatniego \u017co\u0142nierza wykl\u0119tego J\u00f3zef Franczaka pseud. \u201eLalka\u201d. Trasa Biegu przebiega\u0107 b\u0119dzie przez tereny Parku Miejskiego i stadionu OSiR. 280 uczestnik\u00f3w zg\u0142oszonych i zweryfikowanych na starcie otrzyma pakiety startowe (ilo\u015b\u0107 pakiet\u00f3w ograniczona 280 szt.).<\/p>\n\n\n\n<p>Uwaga! Zapisy tylko poprzez formularz elektroniczny do dnia 28.02.2019r. Formularz dost\u0119pny na stronie:<\/p>\n\n\n\n<p><a href=\"http:\/\/osir.zamosc.pl\/zapisytrop\/\">Bieg Tropem Wilczym \u2013 Zapisy<\/a><\/p>\n\n\n\n<figure class=\"wp-block-image size-large is-style-default\"><img loading=\"lazy\" decoding=\"async\" width=\"1024\" height=\"724\" src=\"https:\/\/ksagros.pl\/wp-content\/uploads\/2020\/05\/01_TROPEM_WILCZYM_LOGO-1024x724.png\" alt=\"\" class=\"wp-image-662\" srcset=\"https:\/\/ksagros.pl\/wp-content\/uploads\/2020\/05\/01_TROPEM_WILCZYM_LOGO-1024x724.png 1024w, https:\/\/ksagros.pl\/wp-content\/uploads\/2020\/05\/01_TROPEM_WILCZYM_LOGO-300x212.png 300w, https:\/\/ksagros.pl\/wp-content\/uploads\/2020\/05\/01_TROPEM_WILCZYM_LOGO-768x543.png 768w, https:\/\/ksagros.pl\/wp-content\/uploads\/2020\/05\/01_TROPEM_WILCZYM_LOGO-1536x1086.png 1536w, https:\/\/ksagros.pl\/wp-content\/uploads\/2020\/05\/01_TROPEM_WILCZYM_LOGO.png 1754w\" sizes=\"auto, (max-width: 1024px) 100vw, 1024px\" \/><\/figure>\n\n\n\n<p><\/p>\n\n\n\n<p><\/p>\n\n\n\n<p><\/p>\n\n\n\n<p><\/p>\n","protected":false},"excerpt":{"rendered":"<p>&#8222;Tropem Wilczym Bieg Pami\u0119ci \u017bo\u0142nierzy Wykl\u0119tych&#8221; W dniu 3 marca 2019r. odb\u0119dzie si\u0119 bieg \u201eTropem Wilczym Bieg Pami\u0119ci \u017bo\u0142nierzy Wykl\u0119tych\u201d. Inicjatorem i pomys\u0142odawc\u0105 wydarzenia jest Fundacja Wolno\u015b\u0107 i Demokracja. Organizatorem lokalnym Miasta Zamo\u015b\u0107 jest O\u015brodek Sportu i Rekreacji w Zamo\u015bciu, KS Agros Zamo\u015b\u0107. Bieg ze wzgl\u0119du na sw\u00f3j charakter, oddaje ho\u0142d \u017co\u0142nierzom polskiego podziemia antykomunistycznego [&hellip;]<\/p>\n","protected":false},"author":2,"featured_media":0,"comment_status":"closed","ping_status":"open","sticky":false,"template":"","format":"standard","meta":{"footnotes":""},"categories":[16],"tags":[],"class_list":{"0":"post-661","1":"post","2":"type-post","3":"status-publish","4":"format-standard","6":"category-aktualnosci","7":"czr-hentry"},"_links":{"self":[{"href":"https:\/\/ksagros.pl\/index.php\/wp-json\/wp\/v2\/posts\/661","targetHints":{"allow":["GET"]}}],"collection":[{"href":"https:\/\/ksagros.pl\/index.php\/wp-json\/wp\/v2\/posts"}],"about":[{"href":"https:\/\/ksagros.pl\/index.php\/wp-json\/wp\/v2\/types\/post"}],"author":[{"embeddable":true,"href":"https:\/\/ksagros.pl\/index.php\/wp-json\/wp\/v2\/users\/2"}],"replies":[{"embeddable":true,"href":"https:\/\/ksagros.pl\/index.php\/wp-json\/wp\/v2\/comments?post=661"}],"version-history":[{"count":1,"href":"https:\/\/ksagros.pl\/index.php\/wp-json\/wp\/v2\/posts\/661\/revisions"}],"predecessor-version":[{"id":663,"href":"https:\/\/ksagros.pl\/index.php\/wp-json\/wp\/v2\/posts\/661\/revisions\/663"}],"wp:attachment":[{"href":"https:\/\/ksagros.pl\/index.php\/wp-json\/wp\/v2\/media?parent=661"}],"wp:term":[{"taxonomy":"category","embeddable":true,"href":"https:\/\/ksagros.pl\/index.php\/wp-json\/wp\/v2\/categories?post=661"},{"taxonomy":"post_tag","embeddable":true,"href":"https:\/\/ksagros.pl\/index.php\/wp-json\/wp\/v2\/tags?post=661"}],"curies":[{"name":"wp","href":"https:\/\/api.w.org\/{rel}","templated":true}]}}