{"id":4487,"date":"2024-12-31T14:34:00","date_gmt":"2024-12-31T13:34:00","guid":{"rendered":"https:\/\/ksagros.pl\/?p=4487"},"modified":"2025-01-07T13:01:01","modified_gmt":"2025-01-07T12:01:01","slug":"sukcesy-sztangistow-ks-agros-zamosc-w-2024-roku","status":"publish","type":"post","link":"https:\/\/ksagros.pl\/index.php\/2024\/12\/31\/sukcesy-sztangistow-ks-agros-zamosc-w-2024-roku\/","title":{"rendered":"Sukcesy sztangist\u00f3w KS &#8222;Agros&#8221; Zamo\u015b\u0107 w 2024 roku!"},"content":{"rendered":"\n<figure class=\"wp-block-gallery has-nested-images columns-default is-cropped wp-block-gallery-1 is-layout-flex wp-block-gallery-is-layout-flex\">\n<figure class=\"wp-block-image size-large\"><img loading=\"lazy\" decoding=\"async\" width=\"1024\" height=\"578\" data-id=\"4488\" src=\"https:\/\/ksagros.pl\/wp-content\/uploads\/2025\/01\/PC-1024x578.jpg\" alt=\"\" class=\"wp-image-4488\" srcset=\"https:\/\/ksagros.pl\/wp-content\/uploads\/2025\/01\/PC-1024x578.jpg 1024w, https:\/\/ksagros.pl\/wp-content\/uploads\/2025\/01\/PC-300x169.jpg 300w, https:\/\/ksagros.pl\/wp-content\/uploads\/2025\/01\/PC-768x433.jpg 768w, https:\/\/ksagros.pl\/wp-content\/uploads\/2025\/01\/PC-1536x866.jpg 1536w, https:\/\/ksagros.pl\/wp-content\/uploads\/2025\/01\/PC-570x321.jpg 570w, https:\/\/ksagros.pl\/wp-content\/uploads\/2025\/01\/PC-528x297.jpg 528w, https:\/\/ksagros.pl\/wp-content\/uploads\/2025\/01\/PC.jpg 2048w\" sizes=\"auto, (max-width: 1024px) 100vw, 1024px\" \/><\/figure>\n<\/figure>\n\n\n\n<p>Rok 2024 by\u0142 dla naszego klubu pe\u0142en sukces\u00f3w! Nasi zawodnicy zdobywali medale w najwa\u017cniejszych <a><\/a>zawodach w kraju. Oto nasze osi\u0105gni\u0119cia w 2024 roku :<\/p>\n\n\n\n<p><strong> <mark style=\"background-color:rgba(0, 0, 0, 0)\" class=\"has-inline-color has-vivid-red-color\">Z\u0142ote medale:<\/mark><\/strong><\/p>\n\n\n\n<p>Kacper Popielewski \u2013 I miejsce na Mistrzostwach Polski Junior\u00f3w.<\/p>\n\n\n\n<p>Maksymilian Dorn \u2013 I miejsce na M\u0142odzie\u017cowych Mistrzostwach Polski.<\/p>\n\n\n\n<p>Jakub Trytek \u2013 I miejsce na M\u0142odzie\u017cowych Mistrzostwach Polski.<\/p>\n\n\n\n<p>Aleksandra Wachna \u2013 I miejsce na Mistrzostwach Polski M\u0142odzik\u00f3w.<\/p>\n\n\n\n<p> <strong><mark style=\"background-color:rgba(0, 0, 0, 0)\" class=\"has-inline-color has-vivid-red-color\">Srebrne medale:<\/mark><\/strong><\/p>\n\n\n\n<p>Klaudia Luterek \u2013 II miejsce na Mistrzostwach Polski Seniorek.<\/p>\n\n\n\n<p> <strong><mark style=\"background-color:rgba(0, 0, 0, 0)\" class=\"has-inline-color has-vivid-red-color\">Br\u0105zowe medale:<\/mark><\/strong><\/p>\n\n\n\n<p>Weronika Ostr\u00f3wka \u2013 III miejsce na Og\u00f3lnopolskiej Olimpiadzie M\u0142odzie\u017cy.<\/p>\n\n\n\n<p>Karol Maksymowicz \u2013 III miejsce na Mistrzostwach Polski Senior\u00f3w.<\/p>\n\n\n\n<p>Agata Wawrzaszek \u2013 III miejsce na Mistrzostwach Polski M\u0142odzik\u00f3w.<\/p>\n\n\n\n<p><mark style=\"background-color:rgba(0, 0, 0, 0)\" class=\"has-inline-color has-vivid-red-color\"> <strong>Mi\u0119dzynarodowe starty:<\/strong><\/mark><\/p>\n\n\n\n<p>Aleksandra Wachna \u2013 XI miejsce na Mistrzostwach Europy U15 w Salonikach.<\/p>\n\n\n\n<p> <strong><mark style=\"background-color:rgba(0, 0, 0, 0)\" class=\"has-inline-color has-vivid-cyan-blue-color\">Dru\u017cynowy sukces:<\/mark><\/strong><\/p>\n\n\n\n<p>XII miejsce w rankingu klub\u00f3w podnoszenia ci\u0119\u017car\u00f3w w Polsce wg klasyfikacji SSM!<\/p>\n\n\n\n<p> <strong><mark style=\"background-color:rgba(0, 0, 0, 0)\" class=\"has-inline-color has-vivid-cyan-blue-color\">Trenerzy, kt\u00f3rzy stoj\u0105 za tymi sukcesami:<\/mark><\/strong><\/p>\n\n\n\n<p> Andrzej Gawe\u0142<\/p>\n\n\n\n<p> Bart\u0142omiej Kobel<\/p>\n\n\n\n<p> <strong><mark style=\"background-color:rgba(0, 0, 0, 0)\" class=\"has-inline-color has-vivid-red-color\">Zapraszamy na treningi!<\/mark><\/strong><\/p>\n\n\n\n<p>Chcesz do\u0142\u0105czy\u0107 do naszej dru\u017cyny? Rozwijaj swoje umiej\u0119tno\u015bci w podnoszeniu ci\u0119\u017car\u00f3w razem z nami!<\/p>\n\n\n\n<p> <mark style=\"background-color:rgba(0, 0, 0, 0)\" class=\"has-inline-color has-vivid-red-color\">Gdzie?<\/mark> ZSP Nr 5 w Zamo\u015bciu<\/p>\n\n\n\n<p> <mark style=\"background-color:rgba(0, 0, 0, 0)\" class=\"has-inline-color has-vivid-red-color\">Kiedy?<\/mark> Od poniedzia\u0142ku do pi\u0105tku, godz. 14:00\u201318:00<\/p>\n\n\n\n<p>Dzi\u0119kujemy wszystkim zawodnikom, trenerom i kibicom za niesamowity rok i ju\u017c teraz czekamy na kolejne wyzwania w 2025 roku!<\/p>\n\n\n\n<p>AG.<\/p>\n\n\n\n<p>KS Agros \u2013 si\u0142a, pasja, sukces!<\/p>\n\n\n\n<figure class=\"wp-block-gallery has-nested-images columns-default is-cropped wp-block-gallery-2 is-layout-flex wp-block-gallery-is-layout-flex\">\n<figure class=\"wp-block-image size-large\"><img loading=\"lazy\" decoding=\"async\" width=\"1024\" height=\"768\" data-id=\"4489\" src=\"https:\/\/ksagros.pl\/wp-content\/uploads\/2025\/01\/PC1-1024x768.jpg\" alt=\"\" class=\"wp-image-4489\" srcset=\"https:\/\/ksagros.pl\/wp-content\/uploads\/2025\/01\/PC1-1024x768.jpg 1024w, https:\/\/ksagros.pl\/wp-content\/uploads\/2025\/01\/PC1-300x225.jpg 300w, https:\/\/ksagros.pl\/wp-content\/uploads\/2025\/01\/PC1-768x576.jpg 768w, https:\/\/ksagros.pl\/wp-content\/uploads\/2025\/01\/PC1-1536x1152.jpg 1536w, https:\/\/ksagros.pl\/wp-content\/uploads\/2025\/01\/PC1-570x428.jpg 570w, https:\/\/ksagros.pl\/wp-content\/uploads\/2025\/01\/PC1.jpg 2048w\" sizes=\"auto, (max-width: 1024px) 100vw, 1024px\" \/><\/figure>\n<\/figure>\n\n\n\n<figure class=\"wp-block-gallery has-nested-images columns-default is-cropped wp-block-gallery-3 is-layout-flex wp-block-gallery-is-layout-flex\">\n<figure class=\"wp-block-image size-large\"><img loading=\"lazy\" decoding=\"async\" width=\"1024\" height=\"768\" data-id=\"4490\" src=\"https:\/\/ksagros.pl\/wp-content\/uploads\/2025\/01\/PC2-1024x768.jpg\" alt=\"\" class=\"wp-image-4490\" srcset=\"https:\/\/ksagros.pl\/wp-content\/uploads\/2025\/01\/PC2-1024x768.jpg 1024w, https:\/\/ksagros.pl\/wp-content\/uploads\/2025\/01\/PC2-300x225.jpg 300w, https:\/\/ksagros.pl\/wp-content\/uploads\/2025\/01\/PC2-768x576.jpg 768w, https:\/\/ksagros.pl\/wp-content\/uploads\/2025\/01\/PC2-1536x1152.jpg 1536w, https:\/\/ksagros.pl\/wp-content\/uploads\/2025\/01\/PC2-570x428.jpg 570w, https:\/\/ksagros.pl\/wp-content\/uploads\/2025\/01\/PC2.jpg 1600w\" sizes=\"auto, (max-width: 1024px) 100vw, 1024px\" \/><\/figure>\n<\/figure>\n","protected":false},"excerpt":{"rendered":"<p>Rok 2024 by\u0142 dla naszego klubu pe\u0142en sukces\u00f3w! Nasi zawodnicy zdobywali medale w najwa\u017cniejszych zawodach w kraju. Oto nasze osi\u0105gni\u0119cia w 2024 roku : Z\u0142ote medale: Kacper Popielewski \u2013 I miejsce na Mistrzostwach Polski Junior\u00f3w. Maksymilian Dorn \u2013 I miejsce na M\u0142odzie\u017cowych Mistrzostwach Polski. Jakub Trytek \u2013 I miejsce na M\u0142odzie\u017cowych Mistrzostwach Polski. Aleksandra Wachna [&hellip;]<\/p>\n","protected":false},"author":2,"featured_media":0,"comment_status":"closed","ping_status":"open","sticky":false,"template":"","format":"standard","meta":{"footnotes":""},"categories":[16,5],"tags":[78,15,12],"class_list":{"0":"post-4487","1":"post","2":"type-post","3":"status-publish","4":"format-standard","6":"category-aktualnosci","7":"category-podnoszenie-ciezarow","8":"tag-ksagroszamosc","9":"tag-ks-agros-zamosc","10":"tag-podnoszenie-ciezarow","11":"czr-hentry"},"_links":{"self":[{"href":"https:\/\/ksagros.pl\/index.php\/wp-json\/wp\/v2\/posts\/4487","targetHints":{"allow":["GET"]}}],"collection":[{"href":"https:\/\/ksagros.pl\/index.php\/wp-json\/wp\/v2\/posts"}],"about":[{"href":"https:\/\/ksagros.pl\/index.php\/wp-json\/wp\/v2\/types\/post"}],"author":[{"embeddable":true,"href":"https:\/\/ksagros.pl\/index.php\/wp-json\/wp\/v2\/users\/2"}],"replies":[{"embeddable":true,"href":"https:\/\/ksagros.pl\/index.php\/wp-json\/wp\/v2\/comments?post=4487"}],"version-history":[{"count":1,"href":"https:\/\/ksagros.pl\/index.php\/wp-json\/wp\/v2\/posts\/4487\/revisions"}],"predecessor-version":[{"id":4491,"href":"https:\/\/ksagros.pl\/index.php\/wp-json\/wp\/v2\/posts\/4487\/revisions\/4491"}],"wp:attachment":[{"href":"https:\/\/ksagros.pl\/index.php\/wp-json\/wp\/v2\/media?parent=4487"}],"wp:term":[{"taxonomy":"category","embeddable":true,"href":"https:\/\/ksagros.pl\/index.php\/wp-json\/wp\/v2\/categories?post=4487"},{"taxonomy":"post_tag","embeddable":true,"href":"https:\/\/ksagros.pl\/index.php\/wp-json\/wp\/v2\/tags?post=4487"}],"curies":[{"name":"wp","href":"https:\/\/api.w.org\/{rel}","templated":true}]}}