{"id":4439,"date":"2024-11-09T21:55:27","date_gmt":"2024-11-09T20:55:27","guid":{"rendered":"http:\/\/ksagros.pl\/?p=4439"},"modified":"2024-11-15T09:28:56","modified_gmt":"2024-11-15T08:28:56","slug":"biegi-listopadowe-zamosc-8-listopada-2024-r","status":"publish","type":"post","link":"https:\/\/ksagros.pl\/index.php\/2024\/11\/09\/biegi-listopadowe-zamosc-8-listopada-2024-r\/","title":{"rendered":"BIEGI LISTOPADOWE &#8211; Zamo\u015b\u0107  8 listopada 2024 r."},"content":{"rendered":"\n<p><\/p>\n\n\n\n<figure class=\"wp-block-gallery has-nested-images columns-default is-cropped wp-block-gallery-1 is-layout-flex wp-block-gallery-is-layout-flex\">\n<figure class=\"wp-block-image size-large\"><img loading=\"lazy\" decoding=\"async\" width=\"1024\" height=\"559\" data-id=\"4443\" src=\"https:\/\/ksagros.pl\/wp-content\/uploads\/2024\/11\/DSC_0640-1024x559.jpg\" alt=\"\" class=\"wp-image-4443\" srcset=\"https:\/\/ksagros.pl\/wp-content\/uploads\/2024\/11\/DSC_0640-1024x559.jpg 1024w, https:\/\/ksagros.pl\/wp-content\/uploads\/2024\/11\/DSC_0640-300x164.jpg 300w, https:\/\/ksagros.pl\/wp-content\/uploads\/2024\/11\/DSC_0640-768x419.jpg 768w, https:\/\/ksagros.pl\/wp-content\/uploads\/2024\/11\/DSC_0640-1536x838.jpg 1536w, https:\/\/ksagros.pl\/wp-content\/uploads\/2024\/11\/DSC_0640-2048x1117.jpg 2048w, https:\/\/ksagros.pl\/wp-content\/uploads\/2024\/11\/DSC_0640-570x311.jpg 570w\" sizes=\"auto, (max-width: 1024px) 100vw, 1024px\" \/><\/figure>\n<\/figure>\n\n\n\n<p>Oko\u0142o 600 uczestnik\u00f3w ze szk\u00f3\u0142 podstawowych i ponadpodstawowych wzi\u0119\u0142o udzia\u0142 w &#8222;Biegach Listopadowych&#8221;, kt\u00f3rych organizatorem by\u0142 KS &#8222;Agros&#8221; Zamo\u015b\u0107, &nbsp;aby na sportowo \u015bwi\u0119towa\u0107 106 rocznic\u0119 odzyskania niepodleg\u0142o\u015bci przez Polsk\u0119.<\/p>\n\n\n\n<p>Wydarzenie mia\u0142o miejsce 8 listopada na Rynku Wielkim w Zamo\u015bciu.<\/p>\n\n\n\n<p>&nbsp;Uroczyste otwarcie odby\u0142o si\u0119 o godz. 11.00. Nast\u0119pnie o godz. 11.11 wszyscy zebrani przed Ratuszem od\u015bpiewali hymn narodowy.<\/p>\n\n\n\n<p>\u00a0Otwarcie, \u201eBieg\u00f3w Listopadowych\u201d, oraz dekoracj\u0119 zawodnik\u00f3w swoj\u0105 obecno\u015bci\u0105 u\u015bwietnili: Pan Rafa\u0142 Zwolak Prezydent Miasta Zamo\u015b\u0107, Pan Jerzy Michalski Zast\u0119pca Dyrektora Wydzia\u0142u O\u015bwiaty Urz\u0119du Miasta Zamo\u015b\u0107, Pan \u0141ukasz Gajdecki Dyrektor Wydzia\u0142u Kultury, Sportu i Promocji Miasta, Pani Agnieszka Perzy\u0144ska i Pani Maria Krupa z Wydzia\u0142u Kultury, Sportu i Promocji Miasta , Pan Piotr B\u0142a\u017cewicz Przewodnicz\u0105cy Rady Miasta Zamo\u015b\u0107, Pan Grzegorz Podg\u00f3rski Radny Miasta Zamo\u015b\u0107.<\/p>\n\n\n\n<p>\u00a0Dystanse poszczeg\u00f3lnych bieg\u00f3w dostosowano do r\u00f3\u017cnych grup wiekowych. Najm\u0142odsi uczestnicy (roczniki 2016 i m\u0142odsi) rywalizowali na dystansie 300m . Dla starszych uczni\u00f3w przygotowano trasy 400m, 600m, 800m oraz 1200m.<\/p>\n\n\n\n<p>Zwyci\u0119zcy poszczeg\u00f3lnych kategorii wiekowych otrzymali medale oraz upominki. Dodatkow\u0105 atrakcj\u0105 dla zwyci\u0119zc\u00f3w by\u0142o wej\u015bcie na wie\u017c\u0119 ratuszow\u0105 wsp\u00f3lnie z Prezydentem Miasta Zamo\u015bcia Panem Rafa\u0142em Zwolakiem.<\/p>\n\n\n\n<figure class=\"wp-block-gallery has-nested-images columns-default is-cropped wp-block-gallery-2 is-layout-flex wp-block-gallery-is-layout-flex\">\n<figure class=\"wp-block-image size-large\"><img loading=\"lazy\" decoding=\"async\" width=\"1024\" height=\"580\" data-id=\"4461\" src=\"https:\/\/ksagros.pl\/wp-content\/uploads\/2024\/11\/DSC_0598-1024x580.jpg\" alt=\"\" class=\"wp-image-4461\" srcset=\"https:\/\/ksagros.pl\/wp-content\/uploads\/2024\/11\/DSC_0598-1024x580.jpg 1024w, https:\/\/ksagros.pl\/wp-content\/uploads\/2024\/11\/DSC_0598-300x170.jpg 300w, https:\/\/ksagros.pl\/wp-content\/uploads\/2024\/11\/DSC_0598-768x435.jpg 768w, https:\/\/ksagros.pl\/wp-content\/uploads\/2024\/11\/DSC_0598-1536x871.jpg 1536w, https:\/\/ksagros.pl\/wp-content\/uploads\/2024\/11\/DSC_0598-2048x1161.jpg 2048w, https:\/\/ksagros.pl\/wp-content\/uploads\/2024\/11\/DSC_0598-570x323.jpg 570w\" sizes=\"auto, (max-width: 1024px) 100vw, 1024px\" \/><\/figure>\n<\/figure>\n\n\n\n<figure class=\"wp-block-gallery has-nested-images columns-default is-cropped wp-block-gallery-3 is-layout-flex wp-block-gallery-is-layout-flex\">\n<figure class=\"wp-block-image size-large\"><img loading=\"lazy\" decoding=\"async\" width=\"1024\" height=\"773\" data-id=\"4449\" src=\"https:\/\/ksagros.pl\/wp-content\/uploads\/2024\/11\/DSC_0742-\u2014-kopia-1024x773.jpg\" alt=\"\" class=\"wp-image-4449\" srcset=\"https:\/\/ksagros.pl\/wp-content\/uploads\/2024\/11\/DSC_0742-\u2014-kopia-1024x773.jpg 1024w, https:\/\/ksagros.pl\/wp-content\/uploads\/2024\/11\/DSC_0742-\u2014-kopia-300x227.jpg 300w, https:\/\/ksagros.pl\/wp-content\/uploads\/2024\/11\/DSC_0742-\u2014-kopia-768x580.jpg 768w, https:\/\/ksagros.pl\/wp-content\/uploads\/2024\/11\/DSC_0742-\u2014-kopia-570x430.jpg 570w, https:\/\/ksagros.pl\/wp-content\/uploads\/2024\/11\/DSC_0742-\u2014-kopia.jpg 1482w\" sizes=\"auto, (max-width: 1024px) 100vw, 1024px\" \/><\/figure>\n<\/figure>\n\n\n\n<p>Wszyscy uczestnicy &#8222;Bieg\u00f3w Listopadowych&#8221; otrzymali okoliczno\u015bciowe medale, dla szk\u00f3\u0142 za\u015b przewidziano statuetki.<\/p>\n\n\n\n<figure class=\"wp-block-gallery has-nested-images columns-default is-cropped wp-block-gallery-4 is-layout-flex wp-block-gallery-is-layout-flex\">\n<figure class=\"wp-block-image size-large\"><img loading=\"lazy\" decoding=\"async\" width=\"1024\" height=\"678\" data-id=\"4460\" src=\"https:\/\/ksagros.pl\/wp-content\/uploads\/2024\/11\/DSC_0653-1024x678.jpg\" alt=\"\" class=\"wp-image-4460\" srcset=\"https:\/\/ksagros.pl\/wp-content\/uploads\/2024\/11\/DSC_0653-1024x678.jpg 1024w, https:\/\/ksagros.pl\/wp-content\/uploads\/2024\/11\/DSC_0653-300x199.jpg 300w, https:\/\/ksagros.pl\/wp-content\/uploads\/2024\/11\/DSC_0653-768x509.jpg 768w, https:\/\/ksagros.pl\/wp-content\/uploads\/2024\/11\/DSC_0653-1536x1017.jpg 1536w, https:\/\/ksagros.pl\/wp-content\/uploads\/2024\/11\/DSC_0653-2048x1356.jpg 2048w, https:\/\/ksagros.pl\/wp-content\/uploads\/2024\/11\/DSC_0653-570x378.jpg 570w\" sizes=\"auto, (max-width: 1024px) 100vw, 1024px\" \/><\/figure>\n<\/figure>\n\n\n\n<p>W wydarzeniu wzi\u0119\u0142o udzia\u0142 ponad 20 szk\u00f3\u0142. Cieszymy si\u0119 z tak du\u017cego zainteresowania i zapraszamy na kolejne 'Biegi Listopadowe&#8221; za rok.<\/p>\n\n\n\n<p>Komunikat z Bieg\u00f3w Listopadowych z okazji Narodowego \u015awi\u0119ta Niepodleg\u0142o\u015bci<\/p>\n\n\n\n<div data-wp-interactive=\"core\/file\" class=\"wp-block-file\"><object data-wp-bind--hidden=\"!state.hasPdfPreview\" hidden class=\"wp-block-file__embed\" data=\"https:\/\/ksagros.pl\/wp-content\/uploads\/2024\/11\/Komunikat-Biegi-Listopadowe-\u2014.pdf\" type=\"application\/pdf\" style=\"width:100%;height:354px\" aria-label=\"Osadzone z Osadzone z Komunikat-Biegi-Listopadowe-\u2014..\"><\/object><a id=\"wp-block-file--media-997e37ae-12f2-4db8-9efe-5e88bb5f981e\" href=\"https:\/\/ksagros.pl\/wp-content\/uploads\/2024\/11\/Komunikat-Biegi-Listopadowe-\u2014.pdf\">Komunikat-Biegi-Listopadowe-\u2014<\/a><a href=\"https:\/\/ksagros.pl\/wp-content\/uploads\/2024\/11\/Komunikat-Biegi-Listopadowe-\u2014.pdf\" class=\"wp-block-file__button\" download aria-describedby=\"wp-block-file--media-997e37ae-12f2-4db8-9efe-5e88bb5f981e\">Pobierz<\/a><\/div>\n\n\n\n<figure class=\"wp-block-gallery has-nested-images columns-default is-cropped wp-block-gallery-5 is-layout-flex wp-block-gallery-is-layout-flex\">\n<figure class=\"wp-block-image size-large\"><img loading=\"lazy\" decoding=\"async\" width=\"1024\" height=\"678\" data-id=\"4448\" src=\"https:\/\/ksagros.pl\/wp-content\/uploads\/2024\/11\/DSC_0720-1024x678.jpg\" alt=\"\" class=\"wp-image-4448\" srcset=\"https:\/\/ksagros.pl\/wp-content\/uploads\/2024\/11\/DSC_0720-1024x678.jpg 1024w, https:\/\/ksagros.pl\/wp-content\/uploads\/2024\/11\/DSC_0720-300x199.jpg 300w, https:\/\/ksagros.pl\/wp-content\/uploads\/2024\/11\/DSC_0720-768x509.jpg 768w, https:\/\/ksagros.pl\/wp-content\/uploads\/2024\/11\/DSC_0720-1536x1017.jpg 1536w, https:\/\/ksagros.pl\/wp-content\/uploads\/2024\/11\/DSC_0720-2048x1356.jpg 2048w, https:\/\/ksagros.pl\/wp-content\/uploads\/2024\/11\/DSC_0720-570x378.jpg 570w\" sizes=\"auto, (max-width: 1024px) 100vw, 1024px\" \/><\/figure>\n<\/figure>\n","protected":false},"excerpt":{"rendered":"<p>Oko\u0142o 600 uczestnik\u00f3w ze szk\u00f3\u0142 podstawowych i ponadpodstawowych wzi\u0119\u0142o udzia\u0142 w &#8222;Biegach Listopadowych&#8221;, kt\u00f3rych organizatorem by\u0142 KS &#8222;Agros&#8221; Zamo\u015b\u0107, &nbsp;aby na sportowo \u015bwi\u0119towa\u0107 106 rocznic\u0119 odzyskania niepodleg\u0142o\u015bci przez Polsk\u0119. Wydarzenie mia\u0142o miejsce 8 listopada na Rynku Wielkim w Zamo\u015bciu. &nbsp;Uroczyste otwarcie odby\u0142o si\u0119 o godz. 11.00. Nast\u0119pnie o godz. 11.11 wszyscy zebrani przed Ratuszem od\u015bpiewali [&hellip;]<\/p>\n","protected":false},"author":2,"featured_media":0,"comment_status":"closed","ping_status":"open","sticky":false,"template":"","format":"standard","meta":{"footnotes":""},"categories":[16,4],"tags":[84,78,15,35],"class_list":{"0":"post-4439","1":"post","2":"type-post","3":"status-publish","4":"format-standard","6":"category-aktualnosci","7":"category-lekkoatletyka","8":"tag-biegi-listopadowe-2","9":"tag-ksagroszamosc","10":"tag-ks-agros-zamosc","11":"tag-lekkoatletyka","12":"czr-hentry"},"_links":{"self":[{"href":"https:\/\/ksagros.pl\/index.php\/wp-json\/wp\/v2\/posts\/4439","targetHints":{"allow":["GET"]}}],"collection":[{"href":"https:\/\/ksagros.pl\/index.php\/wp-json\/wp\/v2\/posts"}],"about":[{"href":"https:\/\/ksagros.pl\/index.php\/wp-json\/wp\/v2\/types\/post"}],"author":[{"embeddable":true,"href":"https:\/\/ksagros.pl\/index.php\/wp-json\/wp\/v2\/users\/2"}],"replies":[{"embeddable":true,"href":"https:\/\/ksagros.pl\/index.php\/wp-json\/wp\/v2\/comments?post=4439"}],"version-history":[{"count":4,"href":"https:\/\/ksagros.pl\/index.php\/wp-json\/wp\/v2\/posts\/4439\/revisions"}],"predecessor-version":[{"id":4462,"href":"https:\/\/ksagros.pl\/index.php\/wp-json\/wp\/v2\/posts\/4439\/revisions\/4462"}],"wp:attachment":[{"href":"https:\/\/ksagros.pl\/index.php\/wp-json\/wp\/v2\/media?parent=4439"}],"wp:term":[{"taxonomy":"category","embeddable":true,"href":"https:\/\/ksagros.pl\/index.php\/wp-json\/wp\/v2\/categories?post=4439"},{"taxonomy":"post_tag","embeddable":true,"href":"https:\/\/ksagros.pl\/index.php\/wp-json\/wp\/v2\/tags?post=4439"}],"curies":[{"name":"wp","href":"https:\/\/api.w.org\/{rel}","templated":true}]}}