{"id":4432,"date":"2024-09-23T09:20:00","date_gmt":"2024-09-23T07:20:00","guid":{"rendered":"http:\/\/ksagros.pl\/?p=4432"},"modified":"2024-11-04T09:38:22","modified_gmt":"2024-11-04T08:38:22","slug":"ogolnopolski-puchar-roztocza-w-podnoszeniu-ciezarow-memorial-im-tadeusza-skamskiego-2","status":"publish","type":"post","link":"https:\/\/ksagros.pl\/index.php\/2024\/09\/23\/ogolnopolski-puchar-roztocza-w-podnoszeniu-ciezarow-memorial-im-tadeusza-skamskiego-2\/","title":{"rendered":"Og\u00f3lnopolski Puchar Roztocza w podnoszeniu ci\u0119\u017car\u00f3w  &#8211; Memoria\u0142 im. Tadeusza Sk\u0105mskiego"},"content":{"rendered":"\n<p>Zamo\u015b\u0107 20-21.09.2024r.<\/p>\n\n\n\n<p>W miniony weekend (20-21.09) w Zamo\u015bciu odby\u0142a si\u0119 9. edycja Og\u00f3lnopolskiego Pucharu Roztocza w podnoszeniu ci\u0119\u017car\u00f3w i Memoria\u0142u im. Tadeusza Sk\u0105mskiego<\/p>\n\n\n\n<p>W zawodach wzi\u0119\u0142o udzia\u0142 80 zawodniczek i zawodnik\u00f3w z klub\u00f3w wojew\u00f3dztwa lubelskiego (37 zawodniczek i 43 zawodnik\u00f3w)<\/p>\n\n\n\n<p>Reprezentant naszego Klubu  <strong>Maksymilian Dorn<\/strong> okaza\u0142 si\u0119 najlepszym zawodnikiem w klasyfikacji Sinclaira &#8211; 368,53 pkt.<\/p>\n\n\n\n<p>W\u015br\u00f3d zawodnik\u00f3w KS Agros Zamo\u015b\u0107 mistrzami w kategoriach wagowych zostali<\/p>\n\n\n\n<p><a><\/a>w\u015br\u00f3d kobiet:<\/p>\n\n\n\n<p>Kat. 64 kg<\/p>\n\n\n\n<p><img loading=\"lazy\" decoding=\"async\" height=\"16\" width=\"16\" src=\"https:\/\/static.xx.fbcdn.net\/images\/emoji.php\/v9\/t94\/1\/16\/1f947.png\" alt=\"\ud83e\udd47\"> <strong>Emilia Rechul, Agros Zamo\u015b\u0107 &#8211; 165 kg<\/strong><\/p>\n\n\n\n<p>Kat. 71 kg<\/p>\n\n\n\n<p><img loading=\"lazy\" decoding=\"async\" height=\"16\" width=\"16\" src=\"https:\/\/static.xx.fbcdn.net\/images\/emoji.php\/v9\/t94\/1\/16\/1f947.png\" alt=\"\ud83e\udd47\"> <strong>Weronika Ostr\u00f3wka, Agros Zamo\u015b\u0107 &#8211; 152 kg<\/strong><\/p>\n\n\n\n<p>Kat. 87 kg<\/p>\n\n\n\n<p><img loading=\"lazy\" decoding=\"async\" height=\"16\" width=\"16\" src=\"https:\/\/static.xx.fbcdn.net\/images\/emoji.php\/v9\/t94\/1\/16\/1f947.png\" alt=\"\ud83e\udd47\"> <strong>Ewa Kuczmaszewska, Agros Zamo\u015b\u0107 &#8211; 127 kg<\/strong><\/p>\n\n\n\n<p>Kat. +87 kg<\/p>\n\n\n\n<p><img loading=\"lazy\" decoding=\"async\" height=\"16\" width=\"16\" src=\"https:\/\/static.xx.fbcdn.net\/images\/emoji.php\/v9\/t94\/1\/16\/1f947.png\" alt=\"\ud83e\udd47\"><strong>Alicja Rogowska, Agros Zamo\u015b\u0107 &#8211; 129 kg<\/strong><\/p>\n\n\n\n<p>w\u015br\u00f3d m\u0119\u017cczyzn:<\/p>\n\n\n\n<p>Kat. 102 kg<\/p>\n\n\n\n<p><img loading=\"lazy\" decoding=\"async\" height=\"16\" width=\"16\" src=\"https:\/\/static.xx.fbcdn.net\/images\/emoji.php\/v9\/t94\/1\/16\/1f947.png\" alt=\"\ud83e\udd47\"> <strong>Maksymilian Dorn &#8211; 320 kg<\/strong><\/p>\n\n\n\n<p><strong>Klasyfikacja kobiet wg Tabeli Sinclaira<\/strong><\/p>\n\n\n\n<p> And\u017celika M\u0142ynarczyk, Olimpijczyk \u0141uk\u00f3w &#8211; 231, 05 pkt.<\/p>\n\n\n\n<p><strong>2 m. Emilia Rechul, Agros Zamo\u015b\u0107 &#8211; 216,6 pkt.<\/strong><\/p>\n\n\n\n<p>3 m. Zuzanna Baran, GULKS Niemce &#8211; 187,24 pkt.<\/p>\n\n\n\n<p><strong>4 m. Weronika Ostr\u00f3wka, Agros Zamo\u015b\u0107 &#8211; 186,41 pkt.<\/strong><\/p>\n\n\n\n<p><strong>5 m. Aleksandra Wachna, Agros Zamo\u015b\u0107 &#8211; 184,4 pkt.<\/strong><\/p>\n\n\n\n<p>6 m. Wiktoria Kie\u0142czewska, Wis\u0142a Pu\u0142awy &#8211; 178,29 pkt.<\/p>\n\n\n\n<p><strong>Klasyfikacja m\u0119\u017cczyzn wg Tabeli Sinclaira<\/strong><\/p>\n\n\n\n<p><strong> Maksymilian Dorn, Agros Zamo\u015b\u0107 &#8211; 368,53 pkt. <\/strong><\/p>\n\n\n\n<p>2 m. B\u0142a\u017cej Borkowski, Olimpijczyk \u0141uk\u00f3w &#8211; 360,27 pkt.<\/p>\n\n\n\n<p>3 m. Mateusz Zawisza, Wis\u0142a Pu\u0142awy &#8211; 359,83 pkt.<\/p>\n\n\n\n<p>4 m. Oliver Jabkiewicz, GCK Kobylany &#8211; 335,13 pkt.<\/p>\n\n\n\n<p>5 m. Tymoteusz Kaczor, Znicz Bi\u0142goraj &#8211; 304,93 pkt<\/p>\n\n\n\n<p>6 m. Piotr Zachoszcz, Olimpijczyk \u0141uk\u00f3w &#8211; 296,83 pkt.<\/p>\n\n\n\n<p>Gratulujemy naszym zawodniczkom i zawodnikom, oraz trenerowi Andrzejowi Gaw\u0142owi <\/p>\n\n\n\n<p>Nagrody pieni\u0119\u017cne dla pierwszych trzech os\u00f3b w klasyfikacji Sinclaira u kobiet i m\u0119\u017cczyzn ufundowa\u0142 sponsor g\u0142\u00f3wny zawod\u00f3w firma ECO HARPOON RECYKLING<\/p>\n\n\n\n<figure class=\"wp-block-gallery has-nested-images columns-default is-cropped wp-block-gallery-1 is-layout-flex wp-block-gallery-is-layout-flex\">\n<figure class=\"wp-block-image size-large\"><img loading=\"lazy\" decoding=\"async\" width=\"450\" height=\"600\" data-id=\"4433\" src=\"https:\/\/ksagros.pl\/wp-content\/uploads\/2024\/11\/puchar-rozrocza1.jpg\" alt=\"\" class=\"wp-image-4433\" srcset=\"https:\/\/ksagros.pl\/wp-content\/uploads\/2024\/11\/puchar-rozrocza1.jpg 450w, https:\/\/ksagros.pl\/wp-content\/uploads\/2024\/11\/puchar-rozrocza1-225x300.jpg 225w\" sizes=\"auto, (max-width: 450px) 100vw, 450px\" \/><figcaption>fot. LOZPC<\/figcaption><\/figure>\n<\/figure>\n\n\n\n<p><\/p>\n\n\n\n<figure class=\"wp-block-gallery has-nested-images columns-default is-cropped wp-block-gallery-2 is-layout-flex wp-block-gallery-is-layout-flex\">\n<figure class=\"wp-block-image size-large\"><img loading=\"lazy\" decoding=\"async\" width=\"768\" height=\"1024\" data-id=\"4434\" src=\"https:\/\/ksagros.pl\/wp-content\/uploads\/2024\/11\/puchar-roztocza-2-768x1024.jpg\" alt=\"\" class=\"wp-image-4434\" srcset=\"https:\/\/ksagros.pl\/wp-content\/uploads\/2024\/11\/puchar-roztocza-2-768x1024.jpg 768w, https:\/\/ksagros.pl\/wp-content\/uploads\/2024\/11\/puchar-roztocza-2-225x300.jpg 225w, https:\/\/ksagros.pl\/wp-content\/uploads\/2024\/11\/puchar-roztocza-2-1152x1536.jpg 1152w, https:\/\/ksagros.pl\/wp-content\/uploads\/2024\/11\/puchar-roztocza-2-570x760.jpg 570w, https:\/\/ksagros.pl\/wp-content\/uploads\/2024\/11\/puchar-roztocza-2.jpg 1536w\" sizes=\"auto, (max-width: 768px) 100vw, 768px\" \/><figcaption>fot. LOZPC<\/figcaption><\/figure>\n<\/figure>\n\n\n\n<figure class=\"wp-block-gallery has-nested-images columns-default is-cropped wp-block-gallery-3 is-layout-flex wp-block-gallery-is-layout-flex\">\n<figure class=\"wp-block-image size-large\"><img loading=\"lazy\" decoding=\"async\" width=\"1024\" height=\"768\" data-id=\"4435\" src=\"https:\/\/ksagros.pl\/wp-content\/uploads\/2024\/11\/3-1024x768.jpg\" alt=\"\" class=\"wp-image-4435\" srcset=\"https:\/\/ksagros.pl\/wp-content\/uploads\/2024\/11\/3-1024x768.jpg 1024w, https:\/\/ksagros.pl\/wp-content\/uploads\/2024\/11\/3-300x225.jpg 300w, https:\/\/ksagros.pl\/wp-content\/uploads\/2024\/11\/3-768x576.jpg 768w, https:\/\/ksagros.pl\/wp-content\/uploads\/2024\/11\/3-1536x1152.jpg 1536w, https:\/\/ksagros.pl\/wp-content\/uploads\/2024\/11\/3-570x428.jpg 570w, https:\/\/ksagros.pl\/wp-content\/uploads\/2024\/11\/3.jpg 2048w\" sizes=\"auto, (max-width: 1024px) 100vw, 1024px\" \/><figcaption>fot. LOZPC<\/figcaption><\/figure>\n<\/figure>\n","protected":false},"excerpt":{"rendered":"<p>Zamo\u015b\u0107 20-21.09.2024r. W miniony weekend (20-21.09) w Zamo\u015bciu odby\u0142a si\u0119 9. edycja Og\u00f3lnopolskiego Pucharu Roztocza w podnoszeniu ci\u0119\u017car\u00f3w i Memoria\u0142u im. Tadeusza Sk\u0105mskiego W zawodach wzi\u0119\u0142o udzia\u0142 80 zawodniczek i zawodnik\u00f3w z klub\u00f3w wojew\u00f3dztwa lubelskiego (37 zawodniczek i 43 zawodnik\u00f3w) Reprezentant naszego Klubu Maksymilian Dorn okaza\u0142 si\u0119 najlepszym zawodnikiem w klasyfikacji Sinclaira &#8211; 368,53 pkt. [&hellip;]<\/p>\n","protected":false},"author":2,"featured_media":0,"comment_status":"closed","ping_status":"open","sticky":false,"template":"","format":"standard","meta":{"footnotes":""},"categories":[16,5],"tags":[78,15,12],"class_list":{"0":"post-4432","1":"post","2":"type-post","3":"status-publish","4":"format-standard","6":"category-aktualnosci","7":"category-podnoszenie-ciezarow","8":"tag-ksagroszamosc","9":"tag-ks-agros-zamosc","10":"tag-podnoszenie-ciezarow","11":"czr-hentry"},"_links":{"self":[{"href":"https:\/\/ksagros.pl\/index.php\/wp-json\/wp\/v2\/posts\/4432","targetHints":{"allow":["GET"]}}],"collection":[{"href":"https:\/\/ksagros.pl\/index.php\/wp-json\/wp\/v2\/posts"}],"about":[{"href":"https:\/\/ksagros.pl\/index.php\/wp-json\/wp\/v2\/types\/post"}],"author":[{"embeddable":true,"href":"https:\/\/ksagros.pl\/index.php\/wp-json\/wp\/v2\/users\/2"}],"replies":[{"embeddable":true,"href":"https:\/\/ksagros.pl\/index.php\/wp-json\/wp\/v2\/comments?post=4432"}],"version-history":[{"count":1,"href":"https:\/\/ksagros.pl\/index.php\/wp-json\/wp\/v2\/posts\/4432\/revisions"}],"predecessor-version":[{"id":4436,"href":"https:\/\/ksagros.pl\/index.php\/wp-json\/wp\/v2\/posts\/4432\/revisions\/4436"}],"wp:attachment":[{"href":"https:\/\/ksagros.pl\/index.php\/wp-json\/wp\/v2\/media?parent=4432"}],"wp:term":[{"taxonomy":"category","embeddable":true,"href":"https:\/\/ksagros.pl\/index.php\/wp-json\/wp\/v2\/categories?post=4432"},{"taxonomy":"post_tag","embeddable":true,"href":"https:\/\/ksagros.pl\/index.php\/wp-json\/wp\/v2\/tags?post=4432"}],"curies":[{"name":"wp","href":"https:\/\/api.w.org\/{rel}","templated":true}]}}