{"id":3900,"date":"2024-02-12T14:24:16","date_gmt":"2024-02-12T13:24:16","guid":{"rendered":"http:\/\/ksagros.pl\/?p=3900"},"modified":"2024-02-12T14:24:17","modified_gmt":"2024-02-12T13:24:17","slug":"dwa-srebra-2","status":"publish","type":"post","link":"https:\/\/ksagros.pl\/index.php\/2024\/02\/12\/dwa-srebra-2\/","title":{"rendered":"Dwa srebra!"},"content":{"rendered":"\n<p>We Wroc\u0142awskiej KGHM \u015al\u0119za Arena w miniony weekend (9-11.02.2024.r.) nasi lekkoatleci  rywalizowali podczas &#8222;PZLA Halowe Mistrzostwa Polski U18 i U20&#8221;.<\/p>\n\n\n\n<figure class=\"wp-block-image size-large\"><img loading=\"lazy\" decoding=\"async\" width=\"1024\" height=\"605\" src=\"https:\/\/ksagros.pl\/wp-content\/uploads\/2024\/02\/426413224_370610672388462_1228177917500553416_n-1024x605.jpg\" alt=\"\" class=\"wp-image-3901\" srcset=\"https:\/\/ksagros.pl\/wp-content\/uploads\/2024\/02\/426413224_370610672388462_1228177917500553416_n-1024x605.jpg 1024w, https:\/\/ksagros.pl\/wp-content\/uploads\/2024\/02\/426413224_370610672388462_1228177917500553416_n-300x177.jpg 300w, https:\/\/ksagros.pl\/wp-content\/uploads\/2024\/02\/426413224_370610672388462_1228177917500553416_n-768x454.jpg 768w, https:\/\/ksagros.pl\/wp-content\/uploads\/2024\/02\/426413224_370610672388462_1228177917500553416_n-570x337.jpg 570w, https:\/\/ksagros.pl\/wp-content\/uploads\/2024\/02\/426413224_370610672388462_1228177917500553416_n.jpg 1524w\" sizes=\"auto, (max-width: 1024px) 100vw, 1024px\" \/><\/figure>\n\n\n\n<p class=\"has-text-align-center\"><strong><u>Tr\u00f3jskok K U18<\/u><\/strong><\/p>\n\n\n\n<p>II miejsce i srebrny medal\u00a0<strong><mark style=\"background-color:rgba(0, 0, 0, 0)\" class=\"has-inline-color has-vivid-cyan-blue-color\">Magdalena D\u0104BSKA<\/mark><\/strong> \u00a011.97\u00a0\u00a0\u00a0 (rekord \u017cyciowy)<\/p>\n\n\n\n<p>V\u00a0 miejsce <strong><mark style=\"background-color:rgba(0, 0, 0, 0)\" class=\"has-inline-color has-vivid-cyan-blue-color\">Roksana KOZ\u0141OWSKA<\/mark> <\/strong>\u00a011.59\u00a0\u00a0 (rekord \u017cyciowy)<\/p>\n\n\n\n<p class=\"has-text-align-center\"><strong><u>Tr\u00f3jskok M U18<\/u><\/strong><\/p>\n\n\n\n<p>II \u00a0miejsce \u00a0i srebrny medal <mark style=\"background-color:rgba(0, 0, 0, 0)\" class=\"has-inline-color has-vivid-green-cyan-color\"><strong>Dawid CZAPKA<\/strong><\/mark> \u00a014.13\u00a0\u00a0\u00a0\u00a0 (rekord \u017cyciowy)<\/p>\n\n\n\n<p>VI \u00a0miejsce <mark style=\"background-color:rgba(0, 0, 0, 0)\" class=\"has-inline-color has-vivid-green-cyan-color\"><strong>Szymon BO\u0106 <\/strong><\/mark>\u00a013.51  \u00a0(rekord sezonu)<\/p>\n\n\n\n<p class=\"has-text-align-center\"><strong><u>60 m K U20<\/u><\/strong><\/p>\n\n\n\n<p>XII miejsce\u00a0\u00a0\u00a0\u00a0\u00a0<mark style=\"background-color:rgba(0, 0, 0, 0)\" class=\"has-inline-color has-vivid-cyan-blue-color\"><strong> Anna BIBIK<\/strong><\/mark> \u00a0\u00a0\u00a07.84<\/p>\n\n\n\n<p>XVII miejsce\u00a0\u00a0\u00a0 \u00a0<strong><mark style=\"background-color:rgba(0, 0, 0, 0)\" class=\"has-inline-color has-vivid-cyan-blue-color\">Amelia KU\u0179NIARZ<\/mark>\u00a0\u00a0<\/strong> \u00a08.00\u00a0 \u00a0(rekord sezonu)<\/p>\n\n\n\n<p>XXVI\u00a0 miejsce <strong><mark style=\"background-color:rgba(0, 0, 0, 0)\" class=\"has-inline-color has-vivid-cyan-blue-color\">Aleksandra BE\u0143KO\u00a0<\/mark><\/strong>\u00a0\u00a0 \u00a08.24<\/p>\n\n\n\n<p class=\"has-text-align-center\"><strong><u>60 metr\u00f3w K U20 (FINA\u0141 B)<\/u><\/strong><\/p>\n\n\n\n<p>IV miejsce \u00a0<strong><mark style=\"background-color:rgba(0, 0, 0, 0)\" class=\"has-inline-color has-vivid-green-cyan-color\">Anna BIBIK\u00a0<\/mark><\/strong>\u00a07.85\u00a0\u00a0\u00a0\u00a0\u00a0\u00a0<\/p>\n\n\n\n<p class=\"has-text-align-center\"><strong><u>60 m M U18<\/u><\/strong><\/p>\n\n\n\n<p>XX \u00a0miejsce <strong><mark style=\"background-color:rgba(0, 0, 0, 0)\" class=\"has-inline-color has-vivid-cyan-blue-color\">Szymon BARABAS <\/mark><\/strong>\u00a07.34<\/p>\n\n\n\n<p class=\"has-text-align-center\"><strong><u>60 m M U20<\/u><\/strong><\/p>\n\n\n\n<p>XV\u00a0 miejsce \u00a0<strong><mark style=\"background-color:rgba(0, 0, 0, 0)\" class=\"has-inline-color has-vivid-green-cyan-color\">Adrian LEPIONKA<\/mark><\/strong>\u00a0\u00a0\u00a07.07<\/p>\n\n\n\n<p class=\"has-text-align-center\"><strong><u>60 metr\u00f3w M U20 (FINA\u0141 B)<\/u><\/strong><\/p>\n\n\n\n<p>III miejsce \u00a0<strong><mark style=\"background-color:rgba(0, 0, 0, 0)\" class=\"has-inline-color has-vivid-cyan-blue-color\">Adrian LEPIONKA<\/mark><\/strong>\u00a0\u00a0\u00a07.05<\/p>\n\n\n\n<p class=\"has-text-align-center\"><strong><u>200 m M U20<\/u><\/strong><\/p>\n\n\n\n<p>VIII\u00a0\u00a0 miejsce \u00a0<strong><mark style=\"background-color:rgba(0, 0, 0, 0)\" class=\"has-inline-color has-vivid-green-cyan-color\">Adrian LEPIONKA<\/mark><\/strong> \u00a022.14\u00a0\u00a0\u00a0 \u00a0(rekord \u017cyciowy)\u00a0\u00a0<\/p>\n\n\n\n<p class=\"has-text-align-center\"><strong><u>200 metr\u00f3w M U20 (FINA\u0141 B)<\/u><\/strong><\/p>\n\n\n\n<p>I miejsce<strong><mark style=\"background-color:rgba(0, 0, 0, 0)\" class=\"has-inline-color has-vivid-cyan-blue-color\">  Adrian LEPIONKA<\/mark><\/strong> \u00a022.15<\/p>\n\n\n\n<p class=\"has-text-align-center\"><strong><u>200 metr\u00f3w K U20<\/u><\/strong><\/p>\n\n\n\n<p>XI miejsce <strong><mark style=\"background-color:rgba(0, 0, 0, 0)\" class=\"has-inline-color has-vivid-green-cyan-color\">Anna BIBIK<\/mark><\/strong>\u00a0  25.57<\/p>\n\n\n\n<p class=\"has-text-align-center\"><strong><u>Tr\u00f3jskok M U20<\/u><\/strong><\/p>\n\n\n\n<p>VII \u00a0miejsce <strong><mark style=\"background-color:rgba(0, 0, 0, 0)\" class=\"has-inline-color has-vivid-cyan-blue-color\">Karol KUZDRA<\/mark><\/strong> 13.23\u00a0\u00a0\u00a0\u00a0<\/p>\n\n\n\n<figure class=\"wp-block-image size-large\"><img loading=\"lazy\" decoding=\"async\" width=\"1024\" height=\"461\" src=\"https:\/\/ksagros.pl\/wp-content\/uploads\/2024\/02\/422708938_952478853267630_8499843696056816947_n-1024x461.jpg\" alt=\"\" class=\"wp-image-3902\" srcset=\"https:\/\/ksagros.pl\/wp-content\/uploads\/2024\/02\/422708938_952478853267630_8499843696056816947_n-1024x461.jpg 1024w, https:\/\/ksagros.pl\/wp-content\/uploads\/2024\/02\/422708938_952478853267630_8499843696056816947_n-300x135.jpg 300w, https:\/\/ksagros.pl\/wp-content\/uploads\/2024\/02\/422708938_952478853267630_8499843696056816947_n-768x346.jpg 768w, https:\/\/ksagros.pl\/wp-content\/uploads\/2024\/02\/422708938_952478853267630_8499843696056816947_n-1536x691.jpg 1536w, https:\/\/ksagros.pl\/wp-content\/uploads\/2024\/02\/422708938_952478853267630_8499843696056816947_n-570x257.jpg 570w, https:\/\/ksagros.pl\/wp-content\/uploads\/2024\/02\/422708938_952478853267630_8499843696056816947_n-1110x500.jpg 1110w, https:\/\/ksagros.pl\/wp-content\/uploads\/2024\/02\/422708938_952478853267630_8499843696056816947_n.jpg 2000w\" sizes=\"auto, (max-width: 1024px) 100vw, 1024px\" \/><\/figure>\n\n\n\n<p>Wszystkim zawodnikom oraz trenerom gratulujemy wspania\u0142ych wynik\u00f3w i \u017cyczymy dalszych sukces\u00f3w w nowym sezonie. <\/p>\n","protected":false},"excerpt":{"rendered":"<p>We Wroc\u0142awskiej KGHM \u015al\u0119za Arena w miniony weekend (9-11.02.2024.r.) nasi lekkoatleci rywalizowali podczas &#8222;PZLA Halowe Mistrzostwa Polski U18 i U20&#8221;. Tr\u00f3jskok K U18 II miejsce i srebrny medal\u00a0Magdalena D\u0104BSKA \u00a011.97\u00a0\u00a0\u00a0 (rekord \u017cyciowy) V\u00a0 miejsce Roksana KOZ\u0141OWSKA \u00a011.59\u00a0\u00a0 (rekord \u017cyciowy) Tr\u00f3jskok M U18 II \u00a0miejsce \u00a0i srebrny medal Dawid CZAPKA \u00a014.13\u00a0\u00a0\u00a0\u00a0 (rekord \u017cyciowy) VI \u00a0miejsce Szymon [&hellip;]<\/p>\n","protected":false},"author":2,"featured_media":0,"comment_status":"closed","ping_status":"open","sticky":false,"template":"","format":"standard","meta":{"footnotes":""},"categories":[16,4],"tags":[78,15,35],"class_list":{"0":"post-3900","1":"post","2":"type-post","3":"status-publish","4":"format-standard","6":"category-aktualnosci","7":"category-lekkoatletyka","8":"tag-ksagroszamosc","9":"tag-ks-agros-zamosc","10":"tag-lekkoatletyka","11":"czr-hentry"},"_links":{"self":[{"href":"https:\/\/ksagros.pl\/index.php\/wp-json\/wp\/v2\/posts\/3900","targetHints":{"allow":["GET"]}}],"collection":[{"href":"https:\/\/ksagros.pl\/index.php\/wp-json\/wp\/v2\/posts"}],"about":[{"href":"https:\/\/ksagros.pl\/index.php\/wp-json\/wp\/v2\/types\/post"}],"author":[{"embeddable":true,"href":"https:\/\/ksagros.pl\/index.php\/wp-json\/wp\/v2\/users\/2"}],"replies":[{"embeddable":true,"href":"https:\/\/ksagros.pl\/index.php\/wp-json\/wp\/v2\/comments?post=3900"}],"version-history":[{"count":1,"href":"https:\/\/ksagros.pl\/index.php\/wp-json\/wp\/v2\/posts\/3900\/revisions"}],"predecessor-version":[{"id":3903,"href":"https:\/\/ksagros.pl\/index.php\/wp-json\/wp\/v2\/posts\/3900\/revisions\/3903"}],"wp:attachment":[{"href":"https:\/\/ksagros.pl\/index.php\/wp-json\/wp\/v2\/media?parent=3900"}],"wp:term":[{"taxonomy":"category","embeddable":true,"href":"https:\/\/ksagros.pl\/index.php\/wp-json\/wp\/v2\/categories?post=3900"},{"taxonomy":"post_tag","embeddable":true,"href":"https:\/\/ksagros.pl\/index.php\/wp-json\/wp\/v2\/tags?post=3900"}],"curies":[{"name":"wp","href":"https:\/\/api.w.org\/{rel}","templated":true}]}}