{"id":375,"date":"2020-02-25T12:39:00","date_gmt":"2020-02-25T11:39:00","guid":{"rendered":"http:\/\/ksagros.pl\/?p=375"},"modified":"2021-02-10T16:12:01","modified_gmt":"2021-02-10T15:12:01","slug":"tropem-wilczym-bieg-pamieci-zolnierzy-wykletych","status":"publish","type":"post","link":"https:\/\/ksagros.pl\/index.php\/2020\/02\/25\/tropem-wilczym-bieg-pamieci-zolnierzy-wykletych\/","title":{"rendered":"\u201eTropem Wilczym Bieg Pami\u0119ci \u017bo\u0142nierzy Wykl\u0119tych\u201d"},"content":{"rendered":"\n<figure class=\"wp-block-image size-large\"><img loading=\"lazy\" decoding=\"async\" width=\"960\" height=\"678\" src=\"https:\/\/ksagros.pl\/wp-content\/uploads\/2020\/03\/87266018_2788059607898357_8404936434867240960_o.png\" alt=\"\" class=\"wp-image-376\" srcset=\"https:\/\/ksagros.pl\/wp-content\/uploads\/2020\/03\/87266018_2788059607898357_8404936434867240960_o.png 960w, https:\/\/ksagros.pl\/wp-content\/uploads\/2020\/03\/87266018_2788059607898357_8404936434867240960_o-300x212.png 300w, https:\/\/ksagros.pl\/wp-content\/uploads\/2020\/03\/87266018_2788059607898357_8404936434867240960_o-768x542.png 768w\" sizes=\"auto, (max-width: 960px) 100vw, 960px\" \/><\/figure>\n\n\n\n<p><strong>Termin<\/strong>: 1 marca 2020r.<br> <strong>Inicjator i pomys\u0142odawca<\/strong>: Fundacja Wolno\u015b\u0107 i Demokracja<br> <strong>Organizator lokalny Miasta Zamo\u015b\u0107<\/strong>: O\u015brodek Sportu i Rekreacji w Zamo\u015bciu oraz Klub Sportowy &#8222;Agros&#8221; Zamo\u015b\u0107<br> <strong>Dystans<\/strong>: 1963 metry<br> <strong>Trasa Biegu<\/strong>: tereny Parku Miejskiego i stadionu OSiR. <br> <br> Uwaga! Zapisy tylko poprzez formularz elektroniczny do dnia 27.02.2020r. na stronie:<\/p>\n\n\n\n<figure class=\"wp-block-embed-wordpress wp-block-embed is-type-wp-embed is-provider-osrodek-sportu-i-rekreacji-w-zamosciu\"><div class=\"wp-block-embed__wrapper\">\n<blockquote class=\"wp-embedded-content\" data-secret=\"UkvjCiJpiF\"><a href=\"http:\/\/osir.zamosc.pl\/bieg-tropem-wilczym-zapisy\/\">Bieg Tropem Wilczym &#8211; Zapisy<\/a><\/blockquote><iframe loading=\"lazy\" title=\"&#8222;Bieg Tropem Wilczym &#8211; Zapisy&#8221; &#8212; O\u015brodek Sportu i Rekreacji w Zamo\u015bciu\" class=\"wp-embedded-content\" sandbox=\"allow-scripts\" security=\"restricted\" style=\"position: absolute; clip: rect(1px, 1px, 1px, 1px);\" src=\"http:\/\/osir.zamosc.pl\/bieg-tropem-wilczym-zapisy\/embed\/#?secret=UkvjCiJpiF\" data-secret=\"UkvjCiJpiF\" width=\"600\" height=\"338\" frameborder=\"0\" marginwidth=\"0\" marginheight=\"0\" scrolling=\"no\"><\/iframe>\n<\/div><\/figure>\n","protected":false},"excerpt":{"rendered":"<p>Termin: 1 marca 2020r. Inicjator i pomys\u0142odawca: Fundacja Wolno\u015b\u0107 i Demokracja Organizator lokalny Miasta Zamo\u015b\u0107: O\u015brodek Sportu i Rekreacji w Zamo\u015bciu oraz Klub Sportowy &#8222;Agros&#8221; Zamo\u015b\u0107 Dystans: 1963 metry Trasa Biegu: tereny Parku Miejskiego i stadionu OSiR. Uwaga! Zapisy tylko poprzez formularz elektroniczny do dnia 27.02.2020r. na stronie:<\/p>\n","protected":false},"author":2,"featured_media":0,"comment_status":"closed","ping_status":"open","sticky":false,"template":"","format":"standard","meta":{"footnotes":""},"categories":[16],"tags":[38,15],"class_list":{"0":"post-375","1":"post","2":"type-post","3":"status-publish","4":"format-standard","6":"category-aktualnosci","7":"tag-bieg-tropem-wilczym","8":"tag-ks-agros-zamosc","9":"czr-hentry"},"_links":{"self":[{"href":"https:\/\/ksagros.pl\/index.php\/wp-json\/wp\/v2\/posts\/375","targetHints":{"allow":["GET"]}}],"collection":[{"href":"https:\/\/ksagros.pl\/index.php\/wp-json\/wp\/v2\/posts"}],"about":[{"href":"https:\/\/ksagros.pl\/index.php\/wp-json\/wp\/v2\/types\/post"}],"author":[{"embeddable":true,"href":"https:\/\/ksagros.pl\/index.php\/wp-json\/wp\/v2\/users\/2"}],"replies":[{"embeddable":true,"href":"https:\/\/ksagros.pl\/index.php\/wp-json\/wp\/v2\/comments?post=375"}],"version-history":[{"count":1,"href":"https:\/\/ksagros.pl\/index.php\/wp-json\/wp\/v2\/posts\/375\/revisions"}],"predecessor-version":[{"id":377,"href":"https:\/\/ksagros.pl\/index.php\/wp-json\/wp\/v2\/posts\/375\/revisions\/377"}],"wp:attachment":[{"href":"https:\/\/ksagros.pl\/index.php\/wp-json\/wp\/v2\/media?parent=375"}],"wp:term":[{"taxonomy":"category","embeddable":true,"href":"https:\/\/ksagros.pl\/index.php\/wp-json\/wp\/v2\/categories?post=375"},{"taxonomy":"post_tag","embeddable":true,"href":"https:\/\/ksagros.pl\/index.php\/wp-json\/wp\/v2\/tags?post=375"}],"curies":[{"name":"wp","href":"https:\/\/api.w.org\/{rel}","templated":true}]}}