{"id":3669,"date":"2023-08-22T10:54:35","date_gmt":"2023-08-22T08:54:35","guid":{"rendered":"http:\/\/ksagros.pl\/?p=3669"},"modified":"2023-08-22T13:41:54","modified_gmt":"2023-08-22T11:41:54","slug":"rajd-rowerowy-tour-de-lubelskie-4","status":"publish","type":"post","link":"https:\/\/ksagros.pl\/index.php\/2023\/08\/22\/rajd-rowerowy-tour-de-lubelskie-4\/","title":{"rendered":"Rajd Rowerowy &#8222;Tour de Lubelskie&#8221;"},"content":{"rendered":"\n<p><strong>20 sierpnia 2023r. mi\u0142o\u015bnicy dw\u00f3ch k\u00f3\u0142ek wzi\u0119li udzia\u0142 w Rajdzie Rowerowym \u201eTour de Lubelskie\u201d, kt\u00f3ry zosta\u0142 obj\u0119ty honorowym patronatem przez Marsza\u0142ka Wojew\u00f3dztwa Lubelskiego Jaros\u0142awa Stawiarskiego oraz Prezydenta Miasta Zamo\u015b\u0107 Andrzeja Wnuka. <\/strong><\/p>\n\n\n\n<figure class=\"wp-block-image size-large\"><img loading=\"lazy\" decoding=\"async\" width=\"1024\" height=\"678\" src=\"https:\/\/ksagros.pl\/wp-content\/uploads\/2023\/08\/DSC_0640-1-1024x678.jpg\" alt=\"\" class=\"wp-image-3671\" srcset=\"https:\/\/ksagros.pl\/wp-content\/uploads\/2023\/08\/DSC_0640-1-1024x678.jpg 1024w, https:\/\/ksagros.pl\/wp-content\/uploads\/2023\/08\/DSC_0640-1-300x199.jpg 300w, https:\/\/ksagros.pl\/wp-content\/uploads\/2023\/08\/DSC_0640-1-768x509.jpg 768w, https:\/\/ksagros.pl\/wp-content\/uploads\/2023\/08\/DSC_0640-1-1536x1017.jpg 1536w, https:\/\/ksagros.pl\/wp-content\/uploads\/2023\/08\/DSC_0640-1-2048x1356.jpg 2048w, https:\/\/ksagros.pl\/wp-content\/uploads\/2023\/08\/DSC_0640-1-570x378.jpg 570w\" sizes=\"auto, (max-width: 1024px) 100vw, 1024px\" \/><\/figure>\n\n\n\n<p>Na linii startu udanej zabawy \u017cyczy\u0142 Dyrektor Wydzia\u0142u Kultury i Sportu Urz\u0119du Miasta Zamo\u015b\u0107 Pan\u00a0<strong>\u0141ukasz Gajdecki<\/strong>, kt\u00f3ry r\u00f3wnie\u017c wzi\u0105\u0142 udzia\u0142 w wydarzeniu. Trasa Rajdu wynosi\u0142a ok. 15 km i prowadzi\u0142a ulicami naszego pi\u0119knego miasta.<\/p>\n\n\n\n<p><\/p>\n\n\n\n<figure class=\"wp-block-image size-large\"><img loading=\"lazy\" decoding=\"async\" width=\"1024\" height=\"783\" src=\"https:\/\/ksagros.pl\/wp-content\/uploads\/2023\/08\/DSC_0600-1024x783.jpg\" alt=\"\" class=\"wp-image-3682\" srcset=\"https:\/\/ksagros.pl\/wp-content\/uploads\/2023\/08\/DSC_0600-1024x783.jpg 1024w, https:\/\/ksagros.pl\/wp-content\/uploads\/2023\/08\/DSC_0600-300x229.jpg 300w, https:\/\/ksagros.pl\/wp-content\/uploads\/2023\/08\/DSC_0600-768x587.jpg 768w, https:\/\/ksagros.pl\/wp-content\/uploads\/2023\/08\/DSC_0600-1536x1175.jpg 1536w, https:\/\/ksagros.pl\/wp-content\/uploads\/2023\/08\/DSC_0600-570x436.jpg 570w, https:\/\/ksagros.pl\/wp-content\/uploads\/2023\/08\/DSC_0600.jpg 2004w\" sizes=\"auto, (max-width: 1024px) 100vw, 1024px\" \/><\/figure>\n\n\n\n<p>Pogoda na starcie nas nie\u00a0zawiod\u0142a, a humory dopisywa\u0142y wszystkim uczestnikom Rajdu Rowerowego Tour de\u00a0Lubelskie. Ka\u017cdy przed startem otrzyma\u0142 pakiet startowy, w kt\u00f3rym by\u0142a mi\u0119dzy innymi koszulka, kt\u00f3ra fantastycznie prezentowa\u0142a si\u0119 na uczestnikach Rajdu.<\/p>\n\n\n\n<figure class=\"wp-block-image size-large\"><img loading=\"lazy\" decoding=\"async\" width=\"1024\" height=\"886\" src=\"https:\/\/ksagros.pl\/wp-content\/uploads\/2023\/08\/DSC_0592-1024x886.jpg\" alt=\"\" class=\"wp-image-3683\" srcset=\"https:\/\/ksagros.pl\/wp-content\/uploads\/2023\/08\/DSC_0592-1024x886.jpg 1024w, https:\/\/ksagros.pl\/wp-content\/uploads\/2023\/08\/DSC_0592-300x259.jpg 300w, https:\/\/ksagros.pl\/wp-content\/uploads\/2023\/08\/DSC_0592-768x664.jpg 768w, https:\/\/ksagros.pl\/wp-content\/uploads\/2023\/08\/DSC_0592-1536x1328.jpg 1536w, https:\/\/ksagros.pl\/wp-content\/uploads\/2023\/08\/DSC_0592-570x493.jpg 570w, https:\/\/ksagros.pl\/wp-content\/uploads\/2023\/08\/DSC_0592.jpg 1923w\" sizes=\"auto, (max-width: 1024px) 100vw, 1024px\" \/><\/figure>\n\n\n\n<p>Po Rajdzie na boiskach sportowych odby\u0142y si\u0119 wydarzenia towarzysz\u0105ce. Zm\u0119czeni kolarze otrzymali drobny pocz\u0119stunek oraz napoje aby ugasi\u0107 pragnienie.<\/p>\n\n\n\n<figure class=\"wp-block-image size-large\"><img loading=\"lazy\" decoding=\"async\" width=\"1024\" height=\"633\" src=\"https:\/\/ksagros.pl\/wp-content\/uploads\/2023\/08\/DSC_0768-1024x633.jpg\" alt=\"\" class=\"wp-image-3695\" srcset=\"https:\/\/ksagros.pl\/wp-content\/uploads\/2023\/08\/DSC_0768-1024x633.jpg 1024w, https:\/\/ksagros.pl\/wp-content\/uploads\/2023\/08\/DSC_0768-300x186.jpg 300w, https:\/\/ksagros.pl\/wp-content\/uploads\/2023\/08\/DSC_0768-768x475.jpg 768w, https:\/\/ksagros.pl\/wp-content\/uploads\/2023\/08\/DSC_0768-1536x950.jpg 1536w, https:\/\/ksagros.pl\/wp-content\/uploads\/2023\/08\/DSC_0768-2048x1267.jpg 2048w, https:\/\/ksagros.pl\/wp-content\/uploads\/2023\/08\/DSC_0768-570x353.jpg 570w\" sizes=\"auto, (max-width: 1024px) 100vw, 1024px\" \/><\/figure>\n\n\n\n<p>W\u015br\u00f3d uczestnik\u00f3w rozlosowane zosta\u0142y nagrody w postaci roweru i akcesori\u00f3w rowerowych, ufundowane przez Urz\u0105d Miasta Zamo\u015b\u0107. Nagrod\u0119 g\u0142\u00f3wn\u0105, czyli rower otrzyma\u0142a Gabriela Kitka.<\/p>\n\n\n\n<figure class=\"wp-block-image size-large\"><img loading=\"lazy\" decoding=\"async\" width=\"1024\" height=\"756\" src=\"https:\/\/ksagros.pl\/wp-content\/uploads\/2023\/08\/DSC_0847-1024x756.jpg\" alt=\"\" class=\"wp-image-3684\" srcset=\"https:\/\/ksagros.pl\/wp-content\/uploads\/2023\/08\/DSC_0847-1024x756.jpg 1024w, https:\/\/ksagros.pl\/wp-content\/uploads\/2023\/08\/DSC_0847-300x221.jpg 300w, https:\/\/ksagros.pl\/wp-content\/uploads\/2023\/08\/DSC_0847-768x567.jpg 768w, https:\/\/ksagros.pl\/wp-content\/uploads\/2023\/08\/DSC_0847-1536x1134.jpg 1536w, https:\/\/ksagros.pl\/wp-content\/uploads\/2023\/08\/DSC_0847-2048x1512.jpg 2048w, https:\/\/ksagros.pl\/wp-content\/uploads\/2023\/08\/DSC_0847-570x421.jpg 570w\" sizes=\"auto, (max-width: 1024px) 100vw, 1024px\" \/><\/figure>\n\n\n\n<p>Pozosta\u0142e nagrody otrzymali: Jakub Go\u017adziuk, Andrzej Gawe\u0142 oraz Bart\u0142omiej \u017bukowski. Dla ch\u0119tnych uczestnik\u00f3w organizatorzy przygotowali test wiedz, zawieraj\u0105cy pytania o Wy\u015bcig Kolarski Tour de Pologne oraz pytania na temat Zamo\u015bcia. Trzem osobom z najwi\u0119ksz\u0105 ilo\u015bci\u0105 punkt\u00f3w zosta\u0142y wr\u0119czone nagrody. <\/p>\n\n\n\n<p>W miejscu wydarzenia by\u0142o r\u00f3wnie\u017c stoisko promuj\u0105ce Lubelszczyzn\u0119, ciesz\u0105ce si\u0119 du\u017cym zainteresowaniem. Wszyscy obecni mogli bezp\u0142atnie wzi\u0105\u0107 broszury, mapy i inne materia\u0142y drukowane informuj\u0105ce mi\u0119dzy innymi o trasach rowerowych wojew\u00f3dztwa lubelskiego. Celem wydarzenia by\u0142a nie tylko promocja 80.Wy\u015bcigu Kolarskiego Tour de Pologne, ale\u00a0r\u00f3wnie\u017c promocja turystyki rowerowej oraz promocja miejsc atrakcyjnych turystycznie<\/p>\n\n\n\n<figure class=\"wp-block-image size-large\"><img loading=\"lazy\" decoding=\"async\" width=\"1024\" height=\"678\" src=\"https:\/\/ksagros.pl\/wp-content\/uploads\/2023\/08\/DSC_0906-1024x678.jpg\" alt=\"\" class=\"wp-image-3696\" srcset=\"https:\/\/ksagros.pl\/wp-content\/uploads\/2023\/08\/DSC_0906-1024x678.jpg 1024w, https:\/\/ksagros.pl\/wp-content\/uploads\/2023\/08\/DSC_0906-300x199.jpg 300w, https:\/\/ksagros.pl\/wp-content\/uploads\/2023\/08\/DSC_0906-768x509.jpg 768w, https:\/\/ksagros.pl\/wp-content\/uploads\/2023\/08\/DSC_0906-1536x1017.jpg 1536w, https:\/\/ksagros.pl\/wp-content\/uploads\/2023\/08\/DSC_0906-2048x1356.jpg 2048w, https:\/\/ksagros.pl\/wp-content\/uploads\/2023\/08\/DSC_0906-570x378.jpg 570w\" sizes=\"auto, (max-width: 1024px) 100vw, 1024px\" \/><\/figure>\n\n\n\n<p>Rajd Rowerowy &#8222;Tour de Lubelskie&#8221; zosta\u0142 zorganizowany przez Klub Sportowy &#8222;Agros&#8221; Zamo\u015b\u0107, przy wsp\u00f3\u0142pracy z Urz\u0119dem Marsza\u0142kowskim Wojew\u00f3dztwa Lubelskiego w Lublinie i Urz\u0119dem Miasta Zamo\u015b\u0107 oraz przy pomocy O\u015brodka Sportu i Rekreacji w Zamo\u015bciu.  <\/p>\n","protected":false},"excerpt":{"rendered":"<p>20 sierpnia 2023r. mi\u0142o\u015bnicy dw\u00f3ch k\u00f3\u0142ek wzi\u0119li udzia\u0142 w Rajdzie Rowerowym \u201eTour de Lubelskie\u201d, kt\u00f3ry zosta\u0142 obj\u0119ty honorowym patronatem przez Marsza\u0142ka Wojew\u00f3dztwa Lubelskiego Jaros\u0142awa Stawiarskiego oraz Prezydenta Miasta Zamo\u015b\u0107 Andrzeja Wnuka. Na linii startu udanej zabawy \u017cyczy\u0142 Dyrektor Wydzia\u0142u Kultury i Sportu Urz\u0119du Miasta Zamo\u015b\u0107 Pan\u00a0\u0141ukasz Gajdecki, kt\u00f3ry r\u00f3wnie\u017c wzi\u0105\u0142 udzia\u0142 w wydarzeniu. Trasa Rajdu [&hellip;]<\/p>\n","protected":false},"author":2,"featured_media":3671,"comment_status":"closed","ping_status":"open","sticky":false,"template":"","format":"standard","meta":{"footnotes":""},"categories":[16],"tags":[104,102,103,111,105,15,14],"class_list":{"0":"post-3669","1":"post","2":"type-post","3":"status-publish","4":"format-standard","5":"has-post-thumbnail","7":"category-aktualnosci","8":"tag-kieruneklubelskie","9":"tag-lubelskie","10":"tag-lubelskiesmakujzycie","11":"tag-zamosctwierdzaotwarta","12":"tag-zdumawspieramysport","13":"tag-ks-agros-zamosc","14":"tag-zamosc","15":"czr-hentry"},"_links":{"self":[{"href":"https:\/\/ksagros.pl\/index.php\/wp-json\/wp\/v2\/posts\/3669","targetHints":{"allow":["GET"]}}],"collection":[{"href":"https:\/\/ksagros.pl\/index.php\/wp-json\/wp\/v2\/posts"}],"about":[{"href":"https:\/\/ksagros.pl\/index.php\/wp-json\/wp\/v2\/types\/post"}],"author":[{"embeddable":true,"href":"https:\/\/ksagros.pl\/index.php\/wp-json\/wp\/v2\/users\/2"}],"replies":[{"embeddable":true,"href":"https:\/\/ksagros.pl\/index.php\/wp-json\/wp\/v2\/comments?post=3669"}],"version-history":[{"count":15,"href":"https:\/\/ksagros.pl\/index.php\/wp-json\/wp\/v2\/posts\/3669\/revisions"}],"predecessor-version":[{"id":3713,"href":"https:\/\/ksagros.pl\/index.php\/wp-json\/wp\/v2\/posts\/3669\/revisions\/3713"}],"wp:featuredmedia":[{"embeddable":true,"href":"https:\/\/ksagros.pl\/index.php\/wp-json\/wp\/v2\/media\/3671"}],"wp:attachment":[{"href":"https:\/\/ksagros.pl\/index.php\/wp-json\/wp\/v2\/media?parent=3669"}],"wp:term":[{"taxonomy":"category","embeddable":true,"href":"https:\/\/ksagros.pl\/index.php\/wp-json\/wp\/v2\/categories?post=3669"},{"taxonomy":"post_tag","embeddable":true,"href":"https:\/\/ksagros.pl\/index.php\/wp-json\/wp\/v2\/tags?post=3669"}],"curies":[{"name":"wp","href":"https:\/\/api.w.org\/{rel}","templated":true}]}}