{"id":3218,"date":"2023-02-19T17:43:32","date_gmt":"2023-02-19T16:43:32","guid":{"rendered":"http:\/\/ksagros.pl\/?p=3218"},"modified":"2023-10-30T12:25:21","modified_gmt":"2023-10-30T11:25:21","slug":"znakomity-poczatek-sezonu-dominika-kopcia","status":"publish","type":"post","link":"https:\/\/ksagros.pl\/index.php\/2023\/02\/19\/znakomity-poczatek-sezonu-dominika-kopcia\/","title":{"rendered":"Znakomity pocz\u0105tek sezonu Dominika Kopcia"},"content":{"rendered":"\n<p>Nie ulega w\u0105tpliwo\u015bci, \u017ce zawodnik KS \u201eAgros\u201d Zamo\u015b\u0107 Dominik Kope\u0107 rozpocz\u0105\u0142 sezon na&nbsp;Halach w znakomitej formie. Nasz sprinter a\u017c trzy razy przekroczy\u0142 met\u0119 z&nbsp;wynikiem poni\u017cej 6.6.<\/p>\n\n\n\n<figure class=\"wp-block-image size-large\"><img loading=\"lazy\" decoding=\"async\" width=\"1024\" height=\"716\" src=\"https:\/\/ksagros.pl\/wp-content\/uploads\/2023\/02\/MBI20230218_8288-1024x716.jpg\" alt=\"\" class=\"wp-image-3219\" srcset=\"https:\/\/ksagros.pl\/wp-content\/uploads\/2023\/02\/MBI20230218_8288-1024x716.jpg 1024w, https:\/\/ksagros.pl\/wp-content\/uploads\/2023\/02\/MBI20230218_8288-300x210.jpg 300w, https:\/\/ksagros.pl\/wp-content\/uploads\/2023\/02\/MBI20230218_8288-768x537.jpg 768w, https:\/\/ksagros.pl\/wp-content\/uploads\/2023\/02\/MBI20230218_8288-570x399.jpg 570w, https:\/\/ksagros.pl\/wp-content\/uploads\/2023\/02\/MBI20230218_8288.jpg 1195w\" sizes=\"auto, (max-width: 1024px) 100vw, 1024px\" \/><figcaption>TORUN 18.02.2023\nLEKKOATLETYKA 67 .PZLA HALOWE MISTRZOSTWA POLSKI \nNZ DOMINIK KOPEC\nFOT MAREK BICZYK PZLA<\/figcaption><\/figure>\n\n\n\n<p>Dominik Kope\u0107 kt\u00f3ry specjalizuje si\u0119 w biegach kr\u00f3tkich, sezon Halowy rozpocz\u0105\u0142 najlepszym wynikiem w Europie w sezonie 2023. Podczas 4.&nbsp;Og\u00f3lnopolskich Halowych Zawodach LA Toru\u0144 2023 (29 stycznia br.), w&nbsp;Arenie Toru\u0144 Dominik pokona\u0142 60 metr\u00f3w w&nbsp;6.56 i&nbsp;zosta\u0142 liderem europejskich tabel.<\/p>\n\n\n\n<p>W Atlas Arenie w \u0141odzi, dnia 4 lutego br. odby\u0142y si\u0119 mi\u0119dzynarodowe zawody Orlen Cup. Drugi wyniki 6,60 w biegu na 60 m nale\u017ca\u0142 do Dominika, kt\u00f3ry uzyska\u0142 minimum PZLA na&nbsp;Halowe Mistrzostwa Europy w Stambule. Bieg wygra\u0142 Mistrz Olimpijski Marcel Jacobs z&nbsp;W\u0142och w czasie 6,57 sek. wyprzedzaj\u0105c zaledwie o 0,03 sek. naszego sprintera. Warto wspomnie\u0107, \u017ce&nbsp;w&nbsp;biegach eliminacyjnych wystartowa\u0142o jeszcze dw\u00f3ch zawodnik\u00f3w z&nbsp;Agrosu w&nbsp;pierwszym biegu 5 miejsce zaj\u0105\u0142 Jakub Pietrusa (6,76) a sz\u00f3ste Patryk Krupa (6,79, kt\u00f3ry obecnie podczas studi\u00f3w reprezentuje AZS UMCS Lublin). Wszyscy uczestnicy zawod\u00f3w wystartowali na&nbsp;zaproszenie organizator\u00f3w i PZLA.<\/p>\n\n\n\n<p>W Dortmundzie dnia 12 lutego 2023 r., Dominik Kope\u0107 zwyci\u0119\u017cy\u0142 przekraczaj\u0105c linie mety z wynikiem 6.57. Sprinter wygra\u0142 bieg na 60 metr\u00f3w, uzyskuj\u0105c rekord mitingu.<\/p>\n\n\n\n<p>W dniach 18-19 lutego br. na p\u0142ycie Areny Toru\u0144 rozegrane zosta\u0142y 67. PZLA Halowych Mistrzostw Polski. Dominik po raz trzeci w tym sezonie uzyska\u0142 czas poni\u017cej 6.6. Pierwsze miejsce w biegu na 60 m zawodnik zdoby\u0142 z czasem 6.58. Podczas Halowych Mistrzostw Polski w Toruniu, nasz&nbsp; Klub by\u0142 reprezentowany r\u00f3wnie\u017c przez: Monik\u0119 Romaszko oraz Jakuba Pietrus\u0119. Monik\u0119 Romaszko zar\u00f3wno w biegu na 60 m U23 (7.44), jak i w biegu w biegu na 200 m U23 (24.06) w eliminacjach uzyska\u0142a  bardzo dobre czasy podbijaj\u0105c rekord \u017cyciowy). Uzyskane wyniki zapewni\u0142y Monice srebrny medal w biegu na 60m oraz br\u0105z w biegu na 200. Jakuba Pietrus\u0119 w biegach eliminacyjnych na 60 m U23 zaj\u0105\u0142 4 miejsce z czasem 6.80, tu\u017c za nim Patryk Krupa (podczas studi\u00f3w reprezentuje AZS UMCS Lublin) z czasem 6.82 oraz w biegu na 200 m U23 r\u00f3wnie\u017c przez Jakuba Pietrus\u0119 (4 miejsce w rankingu z czasem 21.86).<\/p>\n\n\n\n<p>\u00a0\u00a0\u00a0\u00a0\u00a0\u00a0\u00a0\u00a0\u00a0\u00a0\u00a0 Za dwa tygodnie odb\u0119d\u0105 si\u0119 Mistrzostwa Europy w Stambule. Trzymamy mocno kciuki\u00a0 za start naszego sprintera Dominika Kopcia. \u00a0<\/p>\n\n\n\n<p>Zadanie wsp\u00f3\u0142finansowane ze \u015brodk\u00f3w otrzymanych od Miasta Zamo\u015b\u0107. <\/p>\n","protected":false},"excerpt":{"rendered":"<p>Nie ulega w\u0105tpliwo\u015bci, \u017ce zawodnik KS \u201eAgros\u201d Zamo\u015b\u0107 Dominik Kope\u0107 rozpocz\u0105\u0142 sezon na&nbsp;Halach w znakomitej formie. Nasz sprinter a\u017c trzy razy przekroczy\u0142 met\u0119 z&nbsp;wynikiem poni\u017cej 6.6. Dominik Kope\u0107 kt\u00f3ry specjalizuje si\u0119 w biegach kr\u00f3tkich, sezon Halowy rozpocz\u0105\u0142 najlepszym wynikiem w Europie w sezonie 2023. Podczas 4.&nbsp;Og\u00f3lnopolskich Halowych Zawodach LA Toru\u0144 2023 (29 stycznia br.), w&nbsp;Arenie [&hellip;]<\/p>\n","protected":false},"author":2,"featured_media":0,"comment_status":"closed","ping_status":"open","sticky":false,"template":"","format":"standard","meta":{"footnotes":""},"categories":[16,4],"tags":[78,112,39,15,35,14],"class_list":{"0":"post-3218","1":"post","2":"type-post","3":"status-publish","4":"format-standard","6":"category-aktualnosci","7":"category-lekkoatletyka","8":"tag-ksagroszamosc","9":"tag-miastozamosc","10":"tag-dominik-kopec","11":"tag-ks-agros-zamosc","12":"tag-lekkoatletyka","13":"tag-zamosc","14":"czr-hentry"},"_links":{"self":[{"href":"https:\/\/ksagros.pl\/index.php\/wp-json\/wp\/v2\/posts\/3218","targetHints":{"allow":["GET"]}}],"collection":[{"href":"https:\/\/ksagros.pl\/index.php\/wp-json\/wp\/v2\/posts"}],"about":[{"href":"https:\/\/ksagros.pl\/index.php\/wp-json\/wp\/v2\/types\/post"}],"author":[{"embeddable":true,"href":"https:\/\/ksagros.pl\/index.php\/wp-json\/wp\/v2\/users\/2"}],"replies":[{"embeddable":true,"href":"https:\/\/ksagros.pl\/index.php\/wp-json\/wp\/v2\/comments?post=3218"}],"version-history":[{"count":9,"href":"https:\/\/ksagros.pl\/index.php\/wp-json\/wp\/v2\/posts\/3218\/revisions"}],"predecessor-version":[{"id":3813,"href":"https:\/\/ksagros.pl\/index.php\/wp-json\/wp\/v2\/posts\/3218\/revisions\/3813"}],"wp:attachment":[{"href":"https:\/\/ksagros.pl\/index.php\/wp-json\/wp\/v2\/media?parent=3218"}],"wp:term":[{"taxonomy":"category","embeddable":true,"href":"https:\/\/ksagros.pl\/index.php\/wp-json\/wp\/v2\/categories?post=3218"},{"taxonomy":"post_tag","embeddable":true,"href":"https:\/\/ksagros.pl\/index.php\/wp-json\/wp\/v2\/tags?post=3218"}],"curies":[{"name":"wp","href":"https:\/\/api.w.org\/{rel}","templated":true}]}}