{"id":3135,"date":"2022-12-05T10:29:32","date_gmt":"2022-12-05T09:29:32","guid":{"rendered":"http:\/\/ksagros.pl\/?p=3135"},"modified":"2023-05-10T09:51:32","modified_gmt":"2023-05-10T07:51:32","slug":"medale-w-2022-roku","status":"publish","type":"post","link":"https:\/\/ksagros.pl\/index.php\/2022\/12\/05\/medale-w-2022-roku\/","title":{"rendered":"Medale w 2022 roku!!!"},"content":{"rendered":"\n<p><strong>Koniec roku, to czas na podsumowania oraz analizy zako\u0144czonego sezonu. W roku 2022 Klub Sportowy &#8222;Agros&#8221; Zamo\u015b\u0107 ma czym si\u0119 pochwali\u0107. W dorobku medalowym znalaz\u0142y si\u0119 26 medale, w tym 1 z Mistrzostw Europy Senior\u00f3w oraz 25 medali z Mistrzostw Polski zdobyte w r\u00f3\u017cnych kategoriach wiekowych. <\/strong><\/p>\n\n\n\n<figure class=\"wp-block-image size-large\"><img loading=\"lazy\" decoding=\"async\" width=\"1024\" height=\"814\" src=\"https:\/\/ksagros.pl\/wp-content\/uploads\/2022\/12\/304315439_543004390908123_6614028121967617733_n-1024x814.jpg\" alt=\"\" class=\"wp-image-3136\" srcset=\"https:\/\/ksagros.pl\/wp-content\/uploads\/2022\/12\/304315439_543004390908123_6614028121967617733_n-1024x814.jpg 1024w, https:\/\/ksagros.pl\/wp-content\/uploads\/2022\/12\/304315439_543004390908123_6614028121967617733_n-300x239.jpg 300w, https:\/\/ksagros.pl\/wp-content\/uploads\/2022\/12\/304315439_543004390908123_6614028121967617733_n-768x611.jpg 768w, https:\/\/ksagros.pl\/wp-content\/uploads\/2022\/12\/304315439_543004390908123_6614028121967617733_n-570x453.jpg 570w, https:\/\/ksagros.pl\/wp-content\/uploads\/2022\/12\/304315439_543004390908123_6614028121967617733_n.jpg 1221w\" sizes=\"auto, (max-width: 1024px) 100vw, 1024px\" \/><\/figure>\n\n\n\n<p>Poni\u017cej przedstawiamy dorobek medalowy zawodniczek oraz zawodnik\u00f3w Klubu Sportowego \u201eAgrosu\u201d Zamo\u015b\u0107 w 2022 r. z podzia\u0142em na poszczeg\u00f3lne sekcje sportowe:<\/p>\n\n\n\n<p class=\"has-text-align-center\"><mark style=\"background-color:rgba(0, 0, 0, 0)\" class=\"has-inline-color has-vivid-green-cyan-color\"><strong>LEKKA ATLETYKA<\/strong><\/mark><\/p>\n\n\n\n<ul class=\"wp-block-list\"><li><strong>Martyna Se\u0144 <\/strong>\u2013 I miejsc podczas Halowych Mistrzostw Polski U18 w biegu na 60m.<\/li><li><strong>Dominik Kope\u0107<\/strong> \u2013 I miejsce podczas Halowych Mistrzostw Polski Senior\u00f3w w biegu na 60 m.<\/li><li><strong>Dominik Kope\u0107<\/strong> \u2013 I miejsce podczas Mistrzostw Polski Senior\u00f3w w biegu na 100m.<\/li><li><strong>Dominik Kope\u0107<\/strong> \u2013  III miejsce podczas Mistrzostw Europy Senior\u00f3w w biegu sztafetowym  4x100m.<\/li><li><strong>Patryk Krupa<\/strong> \u2013 II miejsce podczas Halowych M\u0142odzie\u017cowych Mistrzostw Polski U23 w biegu na 60 m.<\/li><li><strong>Jakub Lewoszewski<\/strong> \u2013 I miejsce podczas Mistrzostw Polski U23 w rzucie dyskiem.                     <strong>Jakub Lewoszewski<\/strong> \u2013 III miejsce podczas Mistrzostw Polski Senior\u00f3w w rzucie dyskiem.<\/li><li><strong>Patryk Krupa, Jakub Pietrusa, Jakub Pyda, Kacper Tama<\/strong> \u2013 III miejsce w Mistrzostwach Polski U23 w sztafecie 4x100m.<\/li><li><strong>Izabela Jastrz\u0105b<\/strong> \u2013 III miejsce w Mistrzostwach Polski U23 w biegu na 100m.<\/li><li><strong>Izabela Jastrz\u0105b<\/strong> \u2013 III miejsce w Mistrzostwach Polski U23 w biegu na 200m.<\/li><\/ul>\n\n\n\n<p class=\"has-text-align-center\"><mark style=\"background-color:rgba(0, 0, 0, 0)\" class=\"has-inline-color has-vivid-green-cyan-color\"><strong>PODNOSZENIE CI\u0118\u017bAR\u00d3W <\/strong><\/mark><\/p>\n\n\n\n<ul class=\"wp-block-list\"><li><strong>Emilia Rechul<\/strong> \u2013 II miejsce w Mistrzostwach Polski Senior\u00f3w; Start w Mistrzostwach Europy.<\/li><li><strong>Klaudia Luterek<\/strong> \u2013 II miejsce w Mistrzostwach Polski Senior\u00f3w.<\/li><li><strong>Klaudia Luterek<\/strong> \u2013 I miejsce w Mistrzostwach Polski U23; Start w Mistrzostwach Europy U23.<\/li><li><strong>Karol Maksymowicz<\/strong> \u2013 I miejsce w Mistrzostwach Polski U23.<\/li><li><strong>Maksymilian Dorn<\/strong> \u2013 I miejsce w Mistrzostwach Polski Junior\u00f3w; Start w Mistrzostwach \u015awiata Junior\u00f3w.<\/li><li><strong>Emilia Drozda<\/strong> \u2013 II miejsce w Mistrzostwach Polski Junior\u00f3w.<\/li><li><strong>Weronika Ostr\u00f3wka<\/strong> \u2013 III miejsce w Mistrzostwach Polski M\u0142odzik\u00f3w U15.<\/li><\/ul>\n\n\n\n<p class=\"has-text-align-center\"><br><mark style=\"background-color:rgba(0, 0, 0, 0)\" class=\"has-inline-color has-vivid-green-cyan-color\"><strong>\u0141UCZNICTWO<\/strong><\/mark><\/p>\n\n\n\n<ul class=\"wp-block-list\"><li><strong>Bart\u0142omiej Ostasz, Karol Szeliga, Mateusz \u0141ysiak, Piotr Momot<\/strong> \u2013 III miejsce w Mistrzostwach Polski U23 &#8211; dru\u017cynowo.<\/li><li><strong>Andrzej Jankowski \u2013<\/strong> III miejsce w Og\u00f3lnopolskiej Olimpiadzie M\u0142odzie\u017cy (Mistrzostwa Polski U18)<strong>                     <\/strong><\/li><li><strong><strong>Andrzej Jankowski<\/strong><\/strong> <strong>i Anna Oberda<\/strong> \u2013 III miejsce w Og\u00f3lnopolskiej Olimpiadzie M\u0142odzie\u017cy (Mistrzostwa Polski U18) w mik\u015bcie.<\/li><\/ul>\n\n\n\n<p class=\"has-text-align-center\"><br><strong><mark style=\"background-color:rgba(0, 0, 0, 0)\" class=\"has-inline-color has-vivid-green-cyan-color\">ZAPASY\/SUMO<\/mark><\/strong><\/p>\n\n\n\n<ul class=\"wp-block-list\"><li><strong>Alicja Nowosad<\/strong> \u2013 I miejsce w Mistrzostwach Polski Junior\u00f3w w Sumo kat. 70 kg.<\/li><li><strong>Alicja Nowosad<\/strong> \u2013 I miejsce w  Mistrzostwach Polski Junior\u00f3w w Sumo OPEN.<\/li><li><strong>Ma\u0142gorzata Muca<\/strong> \u2013 II miejsce w Mistrzostwach Polski Junior\u00f3w w Sumo kat. 75 kg.<\/li><li><strong>Jakub Flak<\/strong> \u2013 III miejsce w Mistrzostwach Polski Junior\u00f3w w Sumo.<\/li><li><strong>Ma\u0142gorzata Muca<\/strong> \u2013 III miejsce w Mistrzostwach Polski Junior\u00f3w w Sumo OPEN<\/li><\/ul>\n\n\n\n<p>Wszystkim zawodniczkom, zawodnikom oraz trenerom gratulujemy i \u017cyczymy, aby nadchodz\u0105cy nowy rok 2023 by\u0142 r\u00f3wnie\u017c owocny.  <\/p>\n","protected":false},"excerpt":{"rendered":"<p>Koniec roku, to czas na podsumowania oraz analizy zako\u0144czonego sezonu. W roku 2022 Klub Sportowy &#8222;Agros&#8221; Zamo\u015b\u0107 ma czym si\u0119 pochwali\u0107. W dorobku medalowym znalaz\u0142y si\u0119 26 medale, w tym 1 z Mistrzostw Europy Senior\u00f3w oraz 25 medali z Mistrzostw Polski zdobyte w r\u00f3\u017cnych kategoriach wiekowych. Poni\u017cej przedstawiamy dorobek medalowy zawodniczek oraz zawodnik\u00f3w Klubu Sportowego [&hellip;]<\/p>\n","protected":false},"author":2,"featured_media":0,"comment_status":"closed","ping_status":"open","sticky":false,"template":"","format":"standard","meta":{"footnotes":""},"categories":[16],"tags":[78,15,14],"class_list":{"0":"post-3135","1":"post","2":"type-post","3":"status-publish","4":"format-standard","6":"category-aktualnosci","7":"tag-ksagroszamosc","8":"tag-ks-agros-zamosc","9":"tag-zamosc","10":"czr-hentry"},"_links":{"self":[{"href":"https:\/\/ksagros.pl\/index.php\/wp-json\/wp\/v2\/posts\/3135","targetHints":{"allow":["GET"]}}],"collection":[{"href":"https:\/\/ksagros.pl\/index.php\/wp-json\/wp\/v2\/posts"}],"about":[{"href":"https:\/\/ksagros.pl\/index.php\/wp-json\/wp\/v2\/types\/post"}],"author":[{"embeddable":true,"href":"https:\/\/ksagros.pl\/index.php\/wp-json\/wp\/v2\/users\/2"}],"replies":[{"embeddable":true,"href":"https:\/\/ksagros.pl\/index.php\/wp-json\/wp\/v2\/comments?post=3135"}],"version-history":[{"count":18,"href":"https:\/\/ksagros.pl\/index.php\/wp-json\/wp\/v2\/posts\/3135\/revisions"}],"predecessor-version":[{"id":3356,"href":"https:\/\/ksagros.pl\/index.php\/wp-json\/wp\/v2\/posts\/3135\/revisions\/3356"}],"wp:attachment":[{"href":"https:\/\/ksagros.pl\/index.php\/wp-json\/wp\/v2\/media?parent=3135"}],"wp:term":[{"taxonomy":"category","embeddable":true,"href":"https:\/\/ksagros.pl\/index.php\/wp-json\/wp\/v2\/categories?post=3135"},{"taxonomy":"post_tag","embeddable":true,"href":"https:\/\/ksagros.pl\/index.php\/wp-json\/wp\/v2\/tags?post=3135"}],"curies":[{"name":"wp","href":"https:\/\/api.w.org\/{rel}","templated":true}]}}