{"id":2955,"date":"2022-09-06T14:08:00","date_gmt":"2022-09-06T12:08:00","guid":{"rendered":"http:\/\/ksagros.pl\/?p=2955"},"modified":"2022-09-09T13:16:00","modified_gmt":"2022-09-09T11:16:00","slug":"mistrzostwa-wojewodztwa-lubelskiego-u16-7-memorial-boguslawa-mierzejewski","status":"publish","type":"post","link":"https:\/\/ksagros.pl\/index.php\/2022\/09\/06\/mistrzostwa-wojewodztwa-lubelskiego-u16-7-memorial-boguslawa-mierzejewski\/","title":{"rendered":"Mistrzostwa Wojew\u00f3dztwa Lubelskiego U16     7. Memoria\u0142 Bogus\u0142awa Mierzejewski"},"content":{"rendered":"\n<figure class=\"wp-block-image size-large\"><img loading=\"lazy\" decoding=\"async\" width=\"1024\" height=\"1024\" src=\"https:\/\/ksagros.pl\/wp-content\/uploads\/2022\/09\/305066026_1235800547203311_5319813737284922307_n-1024x1024.jpg\" alt=\"\" class=\"wp-image-2957\" srcset=\"https:\/\/ksagros.pl\/wp-content\/uploads\/2022\/09\/305066026_1235800547203311_5319813737284922307_n-1024x1024.jpg 1024w, https:\/\/ksagros.pl\/wp-content\/uploads\/2022\/09\/305066026_1235800547203311_5319813737284922307_n-300x300.jpg 300w, https:\/\/ksagros.pl\/wp-content\/uploads\/2022\/09\/305066026_1235800547203311_5319813737284922307_n-150x150.jpg 150w, https:\/\/ksagros.pl\/wp-content\/uploads\/2022\/09\/305066026_1235800547203311_5319813737284922307_n-768x768.jpg 768w, https:\/\/ksagros.pl\/wp-content\/uploads\/2022\/09\/305066026_1235800547203311_5319813737284922307_n-570x570.jpg 570w, https:\/\/ksagros.pl\/wp-content\/uploads\/2022\/09\/305066026_1235800547203311_5319813737284922307_n-510x510.jpg 510w, https:\/\/ksagros.pl\/wp-content\/uploads\/2022\/09\/305066026_1235800547203311_5319813737284922307_n.jpg 1080w\" sizes=\"auto, (max-width: 1024px) 100vw, 1024px\" \/><\/figure>\n\n\n\n<p>W dniu 03.09.2022r. w Pu\u0142awach odby\u0142y si\u0119 Mistrzostwa Wojew\u00f3dztwa Lubelskiego U16, Memoria\u0142 Bogus\u0142awa Mierzejewskiego. <\/p>\n\n\n\n<p>Klub Sportowy &#8222;Agros&#8221; Zamo\u015b\u0107 reprezentowany by\u0142 przez:<\/p>\n\n\n\n<p class=\"has-text-align-center\"><strong>100 metr\u00f3w K&nbsp;<\/strong><\/p>\n\n\n\n<p class=\"has-text-align-center\"><mark style=\"background-color:rgba(0, 0, 0, 0)\" class=\"has-inline-color has-vivid-cyan-blue-color\"><strong>3 miejsce Amelia Ku\u017aniarz\u00a0 12.94<\/strong><\/mark><\/p>\n\n\n\n<p class=\"has-text-align-center\">8 miejsce Aleksandra Be\u0144ko 14.18<\/p>\n\n\n\n<p class=\"has-text-align-center\"><strong>100 metr\u00f3w K U16<\/strong><\/p>\n\n\n\n<p class=\"has-text-align-center\"><strong><mark style=\"background-color:rgba(0, 0, 0, 0)\" class=\"has-inline-color has-vivid-cyan-blue-color\">2 miejsce Oliwia Bednarczuk 13.72<\/mark><\/strong><\/p>\n\n\n\n<p class=\"has-text-align-center\">10 miejsce Weronika Sk\u00f3ra&nbsp; 14.67<\/p>\n\n\n\n<p class=\"has-text-align-center\">                        15 miejsce Natasza Jab\u0142o\u0144ska 14.99&nbsp;&nbsp;&nbsp;&nbsp;&nbsp;&nbsp;&nbsp;&nbsp;&nbsp;&nbsp;&nbsp;&nbsp;&nbsp;&nbsp;&nbsp;&nbsp;&nbsp;&nbsp;&nbsp;&nbsp;&nbsp;&nbsp;&nbsp;&nbsp;&nbsp;<\/p>\n\n\n\n<p class=\"has-text-align-center\">16 miejsce Vanessa Soko\u0142owska 15.10&nbsp;&nbsp;&nbsp;&nbsp;&nbsp;&nbsp;&nbsp;&nbsp;&nbsp;<\/p>\n\n\n\n<p class=\"has-text-align-center\">17 miejsce Julia Grzybowska 15.30<\/p>\n\n\n\n<p class=\"has-text-align-center\"><strong>300 metr\u00f3w K U16<\/strong><\/p>\n\n\n\n<p class=\"has-text-align-center\"><strong><mark style=\"background-color:rgba(0, 0, 0, 0)\" class=\"has-inline-color has-vivid-cyan-blue-color\">3 miejsce Magdalena D\u0105bska \u00a044.02<\/mark><\/strong><\/p>\n\n\n\n<p class=\"has-text-align-center\"><strong>600 metr\u00f3w K U16<\/strong><\/p>\n\n\n\n<p class=\"has-text-align-center\">5 miejsce Roksana Koz\u0142owska 1:54.74\u00a0\u00a0\u00a0\u00a0\u00a0\u00a0\u00a0<\/p>\n\n\n\n<p class=\"has-text-align-center\">8 miejsce Emilia Derkacz 2:02.35\u00a0\u00a0\u00a0<\/p>\n\n\n\n<p class=\"has-text-align-center\">9 miejsce Vanessa Sko\u0142owska \u00a02:03.28\u00a0\u00a0\u00a0\u00a0\u00a0\u00a0<\/p>\n\n\n\n<p class=\"has-text-align-center\"><strong>1000 metr\u00f3w K U16<\/strong><\/p>\n\n\n\n<p class=\"has-text-align-center\">4 miejsce Oliwia Boczkan 3:22.91 PB&nbsp;&nbsp;&nbsp;&nbsp;&nbsp;&nbsp;&nbsp;&nbsp;&nbsp;&nbsp;<\/p>\n\n\n\n<p class=\"has-text-align-center\">5 miejsce Roksana Lachawiec 3:23.82<\/p>\n\n\n\n<p class=\"has-text-align-center\"><strong>1500 metr\u00f3w kobiet<\/strong><\/p>\n\n\n\n<p class=\"has-text-align-center\">4 miejsce Martyna Metner 6:13.52<\/p>\n\n\n\n<p class=\"has-text-align-center\"><strong>300 m pp\u0142 K<\/strong><\/p>\n\n\n\n<p class=\"has-text-align-center\"><strong><mark style=\"background-color:rgba(0, 0, 0, 0)\" class=\"has-inline-color has-vivid-cyan-blue-color\">3 miejsce Amelia Staszczuk 56.27<\/mark><\/strong><\/p>\n\n\n\n<p class=\"has-text-align-center\"><strong>4&#215;100 metr\u00f3w K U16<\/strong><\/p>\n\n\n\n<p class=\"has-text-align-center\"><strong><mark style=\"background-color:rgba(0, 0, 0, 0)\" class=\"has-inline-color has-vivid-cyan-blue-color\">2 miejsce Roksana Koz\u0142owska, Natasza Jab\u0142o\u0144ska, Vanessa Soko\u0142owska, Weronika Sk\u00f3ra\u00a0 56.63<\/mark><\/strong><\/p>\n\n\n\n<p class=\"has-text-align-center\"><strong>Skok wzwy\u017c K U16&nbsp;&nbsp;&nbsp;<\/strong><\/p>\n\n\n\n<p class=\"has-text-align-center\"><strong><mark style=\"background-color:rgba(0, 0, 0, 0)\" class=\"has-inline-color has-vivid-cyan-blue-color\">1 miejsce Nikola Branecka 1.45&nbsp;&nbsp;<\/mark><\/strong>&nbsp;&nbsp;&nbsp;&nbsp;&nbsp;&nbsp;<\/p>\n\n\n\n<p class=\"has-text-align-center\"><strong>Skok w dal K<\/strong><\/p>\n\n\n\n<p class=\"has-text-align-center\">5 miejsce Alicja Zyba\u0142a&nbsp;3.80<\/p>\n\n\n\n<p class=\"has-text-align-center\">6 miejsce Idalia&nbsp;Go\u0142ofit 3.65<\/p>\n\n\n\n<p class=\"has-text-align-center\"><strong>Skok w dal K U16<\/strong><\/p>\n\n\n\n<p class=\"has-text-align-center\"><strong><mark style=\"background-color:rgba(0, 0, 0, 0)\" class=\"has-inline-color has-vivid-cyan-blue-color\">1 miejsce Nikola Branecka\u00a04.70 PB\u00a0<\/mark><\/strong>\u00a0<\/p>\n\n\n\n<p class=\"has-text-align-center\"><mark style=\"background-color:rgba(0, 0, 0, 0)\" class=\"has-inline-color has-vivid-cyan-blue-color\"><strong>2 miejsce Patrycja O\u017c\u00f3g 4.58 SB<\/strong><\/mark><\/p>\n\n\n\n<p class=\"has-text-align-center\">4 miejsce\u00a0 Oliwia Bednarczuk 4.49<\/p>\n\n\n\n<p class=\"has-text-align-center\"><strong>Wieloskok K U16<\/strong><\/p>\n\n\n\n<p class=\"has-text-align-center\"><strong><mark style=\"background-color:rgba(0, 0, 0, 0)\" class=\"has-inline-color has-vivid-cyan-blue-color\">2 miejsce Magdalena D\u0105bska 10.60<\/mark><\/strong><\/p>\n\n\n\n<p class=\"has-text-align-center\"><strong><mark style=\"background-color:rgba(0, 0, 0, 0)\" class=\"has-inline-color has-vivid-cyan-blue-color\">3 miejsce\u00a0 Patrycja O\u017c\u00f3g 9.72<\/mark><\/strong><\/p>\n\n\n\n<p class=\"has-text-align-center\">4 miejsce Amelia Staszczuk 9.60<\/p>\n\n\n\n<p class=\"has-text-align-center\"><strong>Pchni\u0119cie kul\u0105 K U18 (3kg)<\/strong><\/p>\n\n\n\n<p class=\"has-text-align-center\"><strong><mark style=\"background-color:rgba(0, 0, 0, 0)\" class=\"has-inline-color has-vivid-cyan-blue-color\">3 miejsce Zuzanna Soko\u0142owska 7.37&nbsp;<\/mark><\/strong><\/p>\n\n\n\n<p class=\"has-text-align-center\">4 miejsce Jessica Bartnik 7.20&nbsp;&nbsp;&nbsp;&nbsp;&nbsp;&nbsp;&nbsp;&nbsp;&nbsp;&nbsp;&nbsp;<\/p>\n\n\n\n<p class=\"has-text-align-center\"><strong>Pchni\u0119cie kul\u0105 K U14 (2kg)&nbsp;&nbsp;<\/strong><\/p>\n\n\n\n<p class=\"has-text-align-center\"><strong><mark style=\"background-color:rgba(0, 0, 0, 0)\" class=\"has-inline-color has-vivid-cyan-blue-color\">3 miejsce Klaudia \u0141api\u0144ska 8.88<\/mark><\/strong><\/p>\n\n\n\n<p class=\"has-text-align-center\">4 miejsce Alicja Zyba\u0142a 7.98<\/p>\n\n\n\n<p class=\"has-text-align-center\">5 miejsce Idalia Go\u0142ofit 6.88<\/p>\n\n\n\n<p class=\"has-text-align-center\"><strong>Rzut dyskiem K U14 (0.60kg)<\/strong><\/p>\n\n\n\n<p class=\"has-text-align-center\"><mark style=\"background-color:rgba(0, 0, 0, 0)\" class=\"has-inline-color has-vivid-cyan-blue-color\"><strong>2 miejsce Klaudia \u0141api\u0144ska 17.80<\/strong><\/mark><\/p>\n\n\n\n<p class=\"has-text-align-center\"><strong>Rzut m\u0142otem K U18 (3kg)<\/strong><\/p>\n\n\n\n<p class=\"has-text-align-center\"><mark style=\"background-color:rgba(0, 0, 0, 0)\" class=\"has-inline-color has-vivid-cyan-blue-color\"><strong>3 miejsce Zuzanna Soko\u0142owska 39.19 PB<\/strong><\/mark><\/p>\n\n\n\n<p class=\"has-text-align-center\">5 miejsce Jessica Bartnik 29.98&nbsp;&nbsp;&nbsp;&nbsp;&nbsp;&nbsp;&nbsp;&nbsp;&nbsp;<\/p>\n\n\n\n<p class=\"has-text-align-center\"><strong>Rzut m\u0142otem K U14 (2kg)<\/strong><\/p>\n\n\n\n<p class=\"has-text-align-center\"><strong><mark style=\"background-color:rgba(0, 0, 0, 0)\" class=\"has-inline-color has-vivid-cyan-blue-color\">2 miejsca Klaudia \u0141api\u0144ska 26.89<\/mark><\/strong><\/p>\n\n\n\n<p class=\"has-text-align-center\"><strong>100 metr\u00f3w M U16<\/strong><\/p>\n\n\n\n<p class=\"has-text-align-center\"><strong><mark style=\"background-color:rgba(0, 0, 0, 0)\" class=\"has-inline-color has-vivid-cyan-blue-color\">1 miejsce Adrian Lepionka&nbsp; 11.70 PK<\/mark><\/strong><\/p>\n\n\n\n<p class=\"has-text-align-center\"><strong><mark style=\"background-color:rgba(0, 0, 0, 0)\" class=\"has-inline-color has-vivid-cyan-blue-color\">1 miejsce Szymon Bo\u0107 11.91 PB\u00a0\u00a0<\/mark><\/strong>\u00a0\u00a0\u00a0\u00a0\u00a0<\/p>\n\n\n\n<p class=\"has-text-align-center\">4 miejsce\u00a0 Szymon Barabas\u00a0 12.53<\/p>\n\n\n\n<p class=\"has-text-align-center\"><strong>200 metr\u00f3w m\u0119\u017cczyzn<\/strong><\/p>\n\n\n\n<p class=\"has-text-align-center\"><strong><mark style=\"background-color:rgba(0, 0, 0, 0)\" class=\"has-inline-color has-vivid-cyan-blue-color\">1 miejsce Adrian Lepionka 22.94<\/mark><\/strong><\/p>\n\n\n\n<p class=\"has-text-align-center\"><strong>300 metr\u00f3w M U16<\/strong><\/p>\n\n\n\n<p class=\"has-text-align-center\"><strong><mark style=\"background-color:rgba(0, 0, 0, 0)\" class=\"has-inline-color has-vivid-cyan-blue-color\">2 miejsce Przemys\u0142aw Cz\u0119\u015bcik&nbsp;39.25&nbsp;<\/mark><\/strong><\/p>\n\n\n\n<p class=\"has-text-align-center\"><strong>600 metr\u00f3w M U16<\/strong><\/p>\n\n\n\n<p class=\"has-text-align-center\">6 miejsce Bartosz Mame\u0142ka 1:35.09 &nbsp;PB&nbsp;&nbsp;&nbsp;&nbsp;&nbsp;&nbsp;&nbsp;<\/p>\n\n\n\n<p class=\"has-text-align-center\">7miejsce Marcel Gmitrzuk 1:38.30&nbsp; PB<\/p>\n\n\n\n<p class=\"has-text-align-center\"><strong>1000 metr\u00f3w M U16<\/strong><\/p>\n\n\n\n<p class=\"has-text-align-center\"><strong><mark style=\"background-color:rgba(0, 0, 0, 0)\" class=\"has-inline-color has-vivid-cyan-blue-color\">1 miejsce Daniel Nad\u0142onek 2:55.09 &nbsp;PB&nbsp;<\/mark><\/strong>&nbsp;&nbsp;&nbsp;&nbsp;&nbsp;&nbsp;&nbsp;<\/p>\n\n\n\n<p class=\"has-text-align-center\"><strong><mark style=\"background-color:rgba(0, 0, 0, 0)\" class=\"has-inline-color has-vivid-cyan-blue-color\">2 miejsce Gabriel Papis 2:56.86&nbsp;&nbsp;<\/mark><\/strong>&nbsp;&nbsp;&nbsp;&nbsp;&nbsp;&nbsp;&nbsp;&nbsp;&nbsp;&nbsp;&nbsp;&nbsp;&nbsp;&nbsp;&nbsp;&nbsp;&nbsp;&nbsp;&nbsp;&nbsp;<\/p>\n\n\n\n<p class=\"has-text-align-center\"><strong>Skok wzwy\u017c M U16&nbsp;&nbsp;<\/strong><\/p>\n\n\n\n<p class=\"has-text-align-center\">4 miejsce Bartosz Mame\u0142ka 1.55<\/p>\n\n\n\n<p class=\"has-text-align-center\"><strong>Skok w dal M<\/strong><\/p>\n\n\n\n<p class=\"has-text-align-center\">5 miejsce Krzysztof G\u00f3rnik 3.64<\/p>\n\n\n\n<p class=\"has-text-align-center\"><strong>Skok w dal M U16<\/strong><\/p>\n\n\n\n<p class=\"has-text-align-center\"><strong><mark style=\"background-color:rgba(0, 0, 0, 0)\" class=\"has-inline-color has-vivid-cyan-blue-color\">1 miejsce Szymon Bo\u0107&nbsp; 6.22&nbsp;<\/mark><\/strong><\/p>\n\n\n\n<p class=\"has-text-align-center\"><strong><mark style=\"background-color:rgba(0, 0, 0, 0)\" class=\"has-inline-color has-vivid-cyan-blue-color\">3 miejsce&nbsp; Dawid Czapka 5.61&nbsp; PB<\/mark><\/strong><\/p>\n\n\n\n<p class=\"has-text-align-center\">4 miejsce Przemys\u0142aw Cz\u0119\u015bcik&nbsp; 5.54<\/p>\n\n\n\n<p class=\"has-text-align-center\">5 miejsce Szymon Barabas 5.30&nbsp; PB<\/p>\n\n\n\n<p class=\"has-text-align-center\"><strong>Wieloskok M U16<\/strong><\/p>\n\n\n\n<p class=\"has-text-align-center\"><strong><mark style=\"background-color:rgba(0, 0, 0, 0)\" class=\"has-inline-color has-vivid-cyan-blue-color\">1 miejsce Szymon Bo\u0107 12.63 PB<\/mark><\/strong><\/p>\n\n\n\n<p class=\"has-text-align-center\"><strong><mark style=\"background-color:rgba(0, 0, 0, 0)\" class=\"has-inline-color has-vivid-cyan-blue-color\">2 miejsce Dawid Czapka&nbsp; 12.03 PB<\/mark><\/strong><\/p>\n\n\n\n<p class=\"has-text-align-center\"><strong>Pchni\u0119cie kul\u0105 M U14 (4kg)&nbsp;<\/strong><\/p>\n\n\n\n<p class=\"has-text-align-center\"><strong><mark style=\"background-color:rgba(0, 0, 0, 0)\" class=\"has-inline-color has-vivid-cyan-blue-color\">2 miejsce Wojciech Abramek 7.34<\/mark><\/strong><\/p>\n\n\n\n<p class=\"has-text-align-center\">             <strong>Rzut dyskiem M U14 (0.75 kg)&nbsp;&nbsp;&nbsp;&nbsp;&nbsp;&nbsp;&nbsp;&nbsp;&nbsp;&nbsp;&nbsp;&nbsp;&nbsp;&nbsp;&nbsp;&nbsp;&nbsp;&nbsp;&nbsp;&nbsp;<\/strong><\/p>\n\n\n\n<p class=\"has-text-align-center\">                <mark style=\"background-color:rgba(0, 0, 0, 0)\" class=\"has-inline-color has-vivid-cyan-blue-color\"><strong>2 miejsce Wojciech Abramek 25.69<\/strong><\/mark>&nbsp;&nbsp;&nbsp;&nbsp;&nbsp;&nbsp;&nbsp;&nbsp;&nbsp;&nbsp;&nbsp;&nbsp;&nbsp;&nbsp;<\/p>\n\n\n\n<p class=\"has-text-align-center\"><strong><mark style=\"background-color:rgba(0, 0, 0, 0)\" class=\"has-inline-color has-vivid-cyan-blue-color\">3 miejsce Krzysztof G\u00f3rnik 18.72<\/mark><\/strong><\/p>\n\n\n\n<p class=\"has-text-align-center\"><strong>Rzut m\u0142otem M (7.26kg)<\/strong><\/p>\n\n\n\n<p class=\"has-text-align-center\"><strong><mark style=\"background-color:rgba(0, 0, 0, 0)\" class=\"has-inline-color has-vivid-cyan-blue-color\">1 miejsce Micha\u0142 Mazur 67.64<\/mark><\/strong><\/p>\n\n\n\n<p class=\"has-text-align-center\"><strong>Rzut m\u0142otem M U20 (6kg)<\/strong><\/p>\n\n\n\n<p class=\"has-text-align-center\"><strong><mark style=\"background-color:rgba(0, 0, 0, 0)\" class=\"has-inline-color has-vivid-cyan-blue-color\">2 miejsce Szymon Hawryluk&nbsp; 38.11<\/mark><\/strong>&nbsp;&nbsp;<\/p>\n\n\n\n<figure class=\"wp-block-gallery has-nested-images columns-default is-cropped wp-block-gallery-1 is-layout-flex wp-block-gallery-is-layout-flex\">\n<figure class=\"wp-block-image size-large\"><img loading=\"lazy\" decoding=\"async\" width=\"840\" height=\"630\" data-id=\"2958\" src=\"https:\/\/ksagros.pl\/wp-content\/uploads\/2022\/09\/305081676_3370912209859730_244462946224510250_n.jpg\" alt=\"\" class=\"wp-image-2958\" srcset=\"https:\/\/ksagros.pl\/wp-content\/uploads\/2022\/09\/305081676_3370912209859730_244462946224510250_n.jpg 840w, https:\/\/ksagros.pl\/wp-content\/uploads\/2022\/09\/305081676_3370912209859730_244462946224510250_n-300x225.jpg 300w, https:\/\/ksagros.pl\/wp-content\/uploads\/2022\/09\/305081676_3370912209859730_244462946224510250_n-768x576.jpg 768w, https:\/\/ksagros.pl\/wp-content\/uploads\/2022\/09\/305081676_3370912209859730_244462946224510250_n-570x428.jpg 570w\" sizes=\"auto, (max-width: 840px) 100vw, 840px\" \/><\/figure>\n\n\n\n<figure class=\"wp-block-image size-large\"><img loading=\"lazy\" decoding=\"async\" width=\"1020\" height=\"1024\" data-id=\"2960\" src=\"https:\/\/ksagros.pl\/wp-content\/uploads\/2022\/09\/305087812_603046718042174_7374016393367916356_n-1020x1024.jpg\" alt=\"\" class=\"wp-image-2960\" srcset=\"https:\/\/ksagros.pl\/wp-content\/uploads\/2022\/09\/305087812_603046718042174_7374016393367916356_n-1020x1024.jpg 1020w, https:\/\/ksagros.pl\/wp-content\/uploads\/2022\/09\/305087812_603046718042174_7374016393367916356_n-300x300.jpg 300w, https:\/\/ksagros.pl\/wp-content\/uploads\/2022\/09\/305087812_603046718042174_7374016393367916356_n-150x150.jpg 150w, https:\/\/ksagros.pl\/wp-content\/uploads\/2022\/09\/305087812_603046718042174_7374016393367916356_n-768x771.jpg 768w, https:\/\/ksagros.pl\/wp-content\/uploads\/2022\/09\/305087812_603046718042174_7374016393367916356_n-1530x1536.jpg 1530w, https:\/\/ksagros.pl\/wp-content\/uploads\/2022\/09\/305087812_603046718042174_7374016393367916356_n-570x572.jpg 570w, https:\/\/ksagros.pl\/wp-content\/uploads\/2022\/09\/305087812_603046718042174_7374016393367916356_n.jpg 1532w\" sizes=\"auto, (max-width: 1020px) 100vw, 1020px\" \/><\/figure>\n\n\n\n<figure class=\"wp-block-image size-large\"><img loading=\"lazy\" decoding=\"async\" width=\"963\" height=\"884\" data-id=\"2959\" src=\"https:\/\/ksagros.pl\/wp-content\/uploads\/2022\/09\/305245053_395438336067757_5770184731032489654_n.jpg\" alt=\"\" class=\"wp-image-2959\" srcset=\"https:\/\/ksagros.pl\/wp-content\/uploads\/2022\/09\/305245053_395438336067757_5770184731032489654_n.jpg 963w, https:\/\/ksagros.pl\/wp-content\/uploads\/2022\/09\/305245053_395438336067757_5770184731032489654_n-300x275.jpg 300w, https:\/\/ksagros.pl\/wp-content\/uploads\/2022\/09\/305245053_395438336067757_5770184731032489654_n-768x705.jpg 768w, https:\/\/ksagros.pl\/wp-content\/uploads\/2022\/09\/305245053_395438336067757_5770184731032489654_n-570x523.jpg 570w\" sizes=\"auto, (max-width: 963px) 100vw, 963px\" \/><\/figure>\n<\/figure>\n","protected":false},"excerpt":{"rendered":"<p>W dniu 03.09.2022r. w Pu\u0142awach odby\u0142y si\u0119 Mistrzostwa Wojew\u00f3dztwa Lubelskiego U16, Memoria\u0142 Bogus\u0142awa Mierzejewskiego. Klub Sportowy &#8222;Agros&#8221; Zamo\u015b\u0107 reprezentowany by\u0142 przez: 100 metr\u00f3w K&nbsp; 3 miejsce Amelia Ku\u017aniarz\u00a0 12.94 8 miejsce Aleksandra Be\u0144ko 14.18 100 metr\u00f3w K U16 2 miejsce Oliwia Bednarczuk 13.72 10 miejsce Weronika Sk\u00f3ra&nbsp; 14.67 15 miejsce Natasza Jab\u0142o\u0144ska 14.99&nbsp;&nbsp;&nbsp;&nbsp;&nbsp;&nbsp;&nbsp;&nbsp;&nbsp;&nbsp;&nbsp;&nbsp;&nbsp;&nbsp;&nbsp;&nbsp;&nbsp;&nbsp;&nbsp;&nbsp;&nbsp;&nbsp;&nbsp;&nbsp;&nbsp; 16 miejsce [&hellip;]<\/p>\n","protected":false},"author":2,"featured_media":0,"comment_status":"closed","ping_status":"open","sticky":false,"template":"","format":"standard","meta":{"footnotes":""},"categories":[16,4],"tags":[78,15,35,14],"class_list":{"0":"post-2955","1":"post","2":"type-post","3":"status-publish","4":"format-standard","6":"category-aktualnosci","7":"category-lekkoatletyka","8":"tag-ksagroszamosc","9":"tag-ks-agros-zamosc","10":"tag-lekkoatletyka","11":"tag-zamosc","12":"czr-hentry"},"_links":{"self":[{"href":"https:\/\/ksagros.pl\/index.php\/wp-json\/wp\/v2\/posts\/2955","targetHints":{"allow":["GET"]}}],"collection":[{"href":"https:\/\/ksagros.pl\/index.php\/wp-json\/wp\/v2\/posts"}],"about":[{"href":"https:\/\/ksagros.pl\/index.php\/wp-json\/wp\/v2\/types\/post"}],"author":[{"embeddable":true,"href":"https:\/\/ksagros.pl\/index.php\/wp-json\/wp\/v2\/users\/2"}],"replies":[{"embeddable":true,"href":"https:\/\/ksagros.pl\/index.php\/wp-json\/wp\/v2\/comments?post=2955"}],"version-history":[{"count":5,"href":"https:\/\/ksagros.pl\/index.php\/wp-json\/wp\/v2\/posts\/2955\/revisions"}],"predecessor-version":[{"id":2972,"href":"https:\/\/ksagros.pl\/index.php\/wp-json\/wp\/v2\/posts\/2955\/revisions\/2972"}],"wp:attachment":[{"href":"https:\/\/ksagros.pl\/index.php\/wp-json\/wp\/v2\/media?parent=2955"}],"wp:term":[{"taxonomy":"category","embeddable":true,"href":"https:\/\/ksagros.pl\/index.php\/wp-json\/wp\/v2\/categories?post=2955"},{"taxonomy":"post_tag","embeddable":true,"href":"https:\/\/ksagros.pl\/index.php\/wp-json\/wp\/v2\/tags?post=2955"}],"curies":[{"name":"wp","href":"https:\/\/api.w.org\/{rel}","templated":true}]}}