{"id":2545,"date":"2022-03-07T12:26:40","date_gmt":"2022-03-07T11:26:40","guid":{"rendered":"http:\/\/ksagros.pl\/?p=2545"},"modified":"2022-03-16T10:49:02","modified_gmt":"2022-03-16T09:49:02","slug":"tropem-wilczym-bieg-pamieci-zolnierzy-wykletych-komunikat-koncowy","status":"publish","type":"post","link":"https:\/\/ksagros.pl\/index.php\/2022\/03\/07\/tropem-wilczym-bieg-pamieci-zolnierzy-wykletych-komunikat-koncowy\/","title":{"rendered":"Tropem Wilczym &#8211; Bieg Pami\u0119ci \u017bo\u0142nierzy Wykl\u0119tych &#8211; komunikat ko\u0144cowy"},"content":{"rendered":"\n<p><\/p>\n\n\n\n<p>W dniu 06 marca 2022 roku na pi\u0119knych terenach Zalewu Miejskiego w\u00a0Zamo\u015bciu odby\u0142a si\u0119 X edycja Biegu Pami\u0119ci \u017bo\u0142nierzy Wykl\u0119tych \u2013 Tropem Wilczym 2022.<\/p>\n\n\n\n<p>Uczestnicy biegu oddali ho\u0142d \u017co\u0142nierzom polskiego podziemia antykomunistycznego dzia\u0142aj\u0105cego w latach 1944 \u2013 1963. Inicjatorem i pomys\u0142odawc\u0105 wydarzenia jest Fundacja Wolno\u015b\u0107 o Demokracja. To najwi\u0119kszy w Polsce bieg pami\u0119ci, kt\u00f3ry czci \u017bo\u0142nierzy Wykl\u0119tych&#8221;. Klub Sportowy \u201eAgros\u201d Zamo\u015b\u0107\u00a0 oraz O\u015brodek Sportu i Rekreacji by\u0142 organizatorem lokalnym Miasta Zamo\u015b\u0107.\u00a0<\/p>\n\n\n\n<p>Dystans obligatoryjny dla wszystkich wyni\u00f3s\u0142 1963m. Dystans biegu nawi\u0105zuje do\u00a0daty \u015bmierci ostatniego \u201e\u017bo\u0142nierza Wykl\u0119tego\u201d J\u00f3zefa Franczaka ps. \u201eLalek\u201d, kt\u00f3ry zgin\u0105\u0142 podczas ob\u0142awy w Majdanie Kozic G\u00f3rnych pod Piaskami 21 pa\u017adziernika 1963 roku.<\/p>\n\n\n\n<p>W\u015br\u00f3d uczestnik\u00f3w biegu znale\u017ali si\u0119 \u017co\u0142nierze, samorz\u0105dowcy, dziennikarze, m\u0142odzie\u017c z zamojskich szk\u00f3\u0142. W wydarzeniu wzi\u0119\u0142o udzia\u0142 192 zawodnik\u00f3w i zawodniczek w\u00a0r\u00f3\u017cnym wieku, reprezentacja ameryka\u0144skich \u017co\u0142nierzy stacjonuj\u0105cych na lotnisku w\u00a0Mokrem, \u017co\u0142nierze 3. Batalionu Zmechanizowanego z Zamo\u015bcia oraz do\u015b\u0107 liczna grupa Zamojskiego Klubu Mors\u00f3w.<\/p>\n\n\n\n<figure class=\"wp-block-image size-large\"><img loading=\"lazy\" decoding=\"async\" width=\"1024\" height=\"682\" src=\"https:\/\/ksagros.pl\/wp-content\/uploads\/2022\/03\/DSC06033-1024x682.jpg\" alt=\"\" class=\"wp-image-2546\" srcset=\"https:\/\/ksagros.pl\/wp-content\/uploads\/2022\/03\/DSC06033-1024x682.jpg 1024w, https:\/\/ksagros.pl\/wp-content\/uploads\/2022\/03\/DSC06033-300x200.jpg 300w, https:\/\/ksagros.pl\/wp-content\/uploads\/2022\/03\/DSC06033-768x511.jpg 768w, https:\/\/ksagros.pl\/wp-content\/uploads\/2022\/03\/DSC06033-570x379.jpg 570w, https:\/\/ksagros.pl\/wp-content\/uploads\/2022\/03\/DSC06033.jpg 1280w\" sizes=\"auto, (max-width: 1024px) 100vw, 1024px\" \/><\/figure>\n\n\n\n<div class=\"wp-block-file aligncenter\"><a id=\"wp-block-file--media-b25b0a27-b667-4754-b2f8-278517d969eb\" href=\"https:\/\/ksagros.pl\/wp-content\/uploads\/2022\/03\/komunikat-tropem-wilczym-2022-1.pdf\"><strong>KOMUNIKAT KO\u0143COWY<\/strong><\/a><a href=\"https:\/\/ksagros.pl\/wp-content\/uploads\/2022\/03\/komunikat-tropem-wilczym-2022-1.pdf\" class=\"wp-block-file__button\" download aria-describedby=\"wp-block-file--media-b25b0a27-b667-4754-b2f8-278517d969eb\">Pobierz<\/a><\/div>\n\n\n\n<p><\/p>\n","protected":false},"excerpt":{"rendered":"<p>W dniu 06 marca 2022 roku na pi\u0119knych terenach Zalewu Miejskiego w\u00a0Zamo\u015bciu odby\u0142a si\u0119 X edycja Biegu Pami\u0119ci \u017bo\u0142nierzy Wykl\u0119tych \u2013 Tropem Wilczym 2022. Uczestnicy biegu oddali ho\u0142d \u017co\u0142nierzom polskiego podziemia antykomunistycznego dzia\u0142aj\u0105cego w latach 1944 \u2013 1963. Inicjatorem i pomys\u0142odawc\u0105 wydarzenia jest Fundacja Wolno\u015b\u0107 o Demokracja. To najwi\u0119kszy w Polsce bieg pami\u0119ci, kt\u00f3ry czci [&hellip;]<\/p>\n","protected":false},"author":2,"featured_media":0,"comment_status":"closed","ping_status":"open","sticky":false,"template":"","format":"standard","meta":{"footnotes":""},"categories":[16,4],"tags":[78,15,35],"class_list":{"0":"post-2545","1":"post","2":"type-post","3":"status-publish","4":"format-standard","6":"category-aktualnosci","7":"category-lekkoatletyka","8":"tag-ksagroszamosc","9":"tag-ks-agros-zamosc","10":"tag-lekkoatletyka","11":"czr-hentry"},"_links":{"self":[{"href":"https:\/\/ksagros.pl\/index.php\/wp-json\/wp\/v2\/posts\/2545","targetHints":{"allow":["GET"]}}],"collection":[{"href":"https:\/\/ksagros.pl\/index.php\/wp-json\/wp\/v2\/posts"}],"about":[{"href":"https:\/\/ksagros.pl\/index.php\/wp-json\/wp\/v2\/types\/post"}],"author":[{"embeddable":true,"href":"https:\/\/ksagros.pl\/index.php\/wp-json\/wp\/v2\/users\/2"}],"replies":[{"embeddable":true,"href":"https:\/\/ksagros.pl\/index.php\/wp-json\/wp\/v2\/comments?post=2545"}],"version-history":[{"count":2,"href":"https:\/\/ksagros.pl\/index.php\/wp-json\/wp\/v2\/posts\/2545\/revisions"}],"predecessor-version":[{"id":2563,"href":"https:\/\/ksagros.pl\/index.php\/wp-json\/wp\/v2\/posts\/2545\/revisions\/2563"}],"wp:attachment":[{"href":"https:\/\/ksagros.pl\/index.php\/wp-json\/wp\/v2\/media?parent=2545"}],"wp:term":[{"taxonomy":"category","embeddable":true,"href":"https:\/\/ksagros.pl\/index.php\/wp-json\/wp\/v2\/categories?post=2545"},{"taxonomy":"post_tag","embeddable":true,"href":"https:\/\/ksagros.pl\/index.php\/wp-json\/wp\/v2\/tags?post=2545"}],"curies":[{"name":"wp","href":"https:\/\/api.w.org\/{rel}","templated":true}]}}