{"id":2308,"date":"2021-10-10T23:41:00","date_gmt":"2021-10-10T21:41:00","guid":{"rendered":"http:\/\/ksagros.pl\/?p=2308"},"modified":"2021-10-12T11:43:10","modified_gmt":"2021-10-12T09:43:10","slug":"mlodziezowe-mistrzostwa-polski-juz-za-nami","status":"publish","type":"post","link":"https:\/\/ksagros.pl\/index.php\/2021\/10\/10\/mlodziezowe-mistrzostwa-polski-juz-za-nami\/","title":{"rendered":"M\u0142odzie\u017cowe Mistrzostwa Polski ju\u017c za nami!"},"content":{"rendered":"\n<p><strong>W dniach 08-10 pa\u017adziernika 2021 roku w hali sportowej ZSP Nr 5 przy ul. Szczebrzeskiej 102 w Zamo\u015bciu odby\u0142y si\u0119 M\u0142odzie\u017cowe Mistrzostwa Polski do lat 23 w podnoszeniu ci\u0119\u017car\u00f3w.&nbsp;W zawodach wzi\u0119li udzia\u0142 ci\u0119\u017carowcy z ca\u0142ej Polski. Klub Sportowy \u201eAgros\u201d Zamo\u015b\u0107 mo\u017ce pochwali\u0107 si\u0119 4 z\u0142otymi medalami<\/strong> <strong>i pierwszym miejscem w&nbsp;klasyfikacji klubowej.<\/strong><\/p>\n\n\n\n<figure class=\"wp-block-image size-large\"><img loading=\"lazy\" decoding=\"async\" width=\"1024\" height=\"518\" src=\"https:\/\/ksagros.pl\/wp-content\/uploads\/2021\/10\/DSC_0844-crop-1024x518.jpg\" alt=\"\" class=\"wp-image-2309\" srcset=\"https:\/\/ksagros.pl\/wp-content\/uploads\/2021\/10\/DSC_0844-crop-1024x518.jpg 1024w, https:\/\/ksagros.pl\/wp-content\/uploads\/2021\/10\/DSC_0844-crop-300x152.jpg 300w, https:\/\/ksagros.pl\/wp-content\/uploads\/2021\/10\/DSC_0844-crop-768x388.jpg 768w, https:\/\/ksagros.pl\/wp-content\/uploads\/2021\/10\/DSC_0844-crop-1536x776.jpg 1536w, https:\/\/ksagros.pl\/wp-content\/uploads\/2021\/10\/DSC_0844-crop-2048x1035.jpg 2048w, https:\/\/ksagros.pl\/wp-content\/uploads\/2021\/10\/DSC_0844-crop-570x288.jpg 570w\" sizes=\"auto, (max-width: 1024px) 100vw, 1024px\" \/><\/figure>\n\n\n\n<p>Najlepszy wynik wed\u0142ug punktacji Sinclaira uzyska\u0142a Emilia Rechul, kt\u00f3ra zdoby\u0142a 244,84 pkt.,   a  drugi wynik uzyska\u0142a Klaudia Luterek \u2013 222,25 pkt. W\u015br\u00f3d kobiet z\u0142oty medal wywalczy\u0142y: Emilia Rechul w kat. wagowej 71 kg \u2013 196 kg (85+111) oraz &nbsp;Klaudia Luterek w&nbsp; kat. wagowej 55 kg \u2013 154 kg (71+83). Tu\u017c za podium uplasowa\u0142a si\u0119 El\u017cbieta Sa\u0142amacha zajmuj\u0105c 4 miejsce w kat. wagowej +87 kg 129 (58+71). W rywalizacji m\u0119\u017cczyzn&nbsp;na najwy\u017cszym stopniu podium stan\u0119li: Karol Maksymowicz w kat.&nbsp;wagowej 55 kg &#8211; 176 kg (83+93) i Kacper Mogielnicki w kat. 67 kg- 213 kg (100+113). Czwarte miejsce wywalczy\u0142 Marcin Wyskiel &nbsp;w kat. wagowej 67 kg &#8211; &nbsp;175 kg (75+100). W klasyfikacjach dru\u017cynowych najwi\u0119cej punkt\u00f3w zgromadzi\u0142 Ks Agros Zamo\u015b\u0107 101 pkt, a w\u015br\u00f3d wojew\u00f3dztw najlepsze by\u0142o Lubelskie 345 pkt.<\/p>\n\n\n\n<p>Zawody zosta\u0142y rozegrane pod honorowym patronatem Starosty Zamojskiego Pana Stanis\u0142awa Grze\u015bko&nbsp;oraz Prezydenta Miasta Zamo\u015b\u0107 Pana Andrzeja Wnuka. G\u0142\u00f3wnym patronem medialnym by\u0142a TVP 3 Lublin. &nbsp;Mistrzostwa zosta\u0142y zorganizowane przez Klub Sportowy \u201eAgros\u201d Zamo\u015b\u0107, przy wsparciu finansowym Urz\u0119du Marsza\u0142kowskiego Wojew\u00f3dztwa Lubelskiego w Lublinie, Starostwa Powiatowego w Zamo\u015bciu oraz Miasta Zamo\u015b\u0107.&nbsp; Wydatek wsp\u00f3\u0142finansowany ze \u015brodk\u00f3w Europejskiego Funduszu Rozwoju Regionalnego w ramach realizacji projektu pt. \u201eMarketing Gospodarczy Wojew\u00f3dztwa Lubelskiego II\u201d<\/p>\n\n\n\n<figure class=\"wp-block-gallery columns-2 is-cropped wp-block-gallery-1 is-layout-flex wp-block-gallery-is-layout-flex\"><ul class=\"blocks-gallery-grid\"><li class=\"blocks-gallery-item\"><figure><img loading=\"lazy\" decoding=\"async\" width=\"724\" height=\"1024\" src=\"https:\/\/ksagros.pl\/wp-content\/uploads\/2021\/10\/Patronat-Starosta_0001-1-724x1024.jpg\" alt=\"\" data-id=\"2310\" data-link=\"https:\/\/ksagros.pl\/?attachment_id=2310\" class=\"wp-image-2310\" srcset=\"https:\/\/ksagros.pl\/wp-content\/uploads\/2021\/10\/Patronat-Starosta_0001-1-724x1024.jpg 724w, https:\/\/ksagros.pl\/wp-content\/uploads\/2021\/10\/Patronat-Starosta_0001-1-212x300.jpg 212w, https:\/\/ksagros.pl\/wp-content\/uploads\/2021\/10\/Patronat-Starosta_0001-1-768x1086.jpg 768w, https:\/\/ksagros.pl\/wp-content\/uploads\/2021\/10\/Patronat-Starosta_0001-1-1087x1536.jpg 1087w, https:\/\/ksagros.pl\/wp-content\/uploads\/2021\/10\/Patronat-Starosta_0001-1-1449x2048.jpg 1449w, https:\/\/ksagros.pl\/wp-content\/uploads\/2021\/10\/Patronat-Starosta_0001-1-570x806.jpg 570w, https:\/\/ksagros.pl\/wp-content\/uploads\/2021\/10\/Patronat-Starosta_0001-1.jpg 1654w\" sizes=\"auto, (max-width: 724px) 100vw, 724px\" \/><\/figure><\/li><li class=\"blocks-gallery-item\"><figure><img loading=\"lazy\" decoding=\"async\" width=\"724\" height=\"1024\" src=\"https:\/\/ksagros.pl\/wp-content\/uploads\/2021\/10\/EPSON001-1-724x1024.jpg\" alt=\"\" data-id=\"2311\" data-full-url=\"https:\/\/ksagros.pl\/wp-content\/uploads\/2021\/10\/EPSON001-1.jpg\" data-link=\"https:\/\/ksagros.pl\/?attachment_id=2311\" class=\"wp-image-2311\" srcset=\"https:\/\/ksagros.pl\/wp-content\/uploads\/2021\/10\/EPSON001-1-724x1024.jpg 724w, https:\/\/ksagros.pl\/wp-content\/uploads\/2021\/10\/EPSON001-1-212x300.jpg 212w, https:\/\/ksagros.pl\/wp-content\/uploads\/2021\/10\/EPSON001-1-768x1086.jpg 768w, https:\/\/ksagros.pl\/wp-content\/uploads\/2021\/10\/EPSON001-1-1086x1536.jpg 1086w, https:\/\/ksagros.pl\/wp-content\/uploads\/2021\/10\/EPSON001-1-1449x2048.jpg 1449w, https:\/\/ksagros.pl\/wp-content\/uploads\/2021\/10\/EPSON001-1-570x806.jpg 570w, https:\/\/ksagros.pl\/wp-content\/uploads\/2021\/10\/EPSON001-1.jpg 1653w\" sizes=\"auto, (max-width: 724px) 100vw, 724px\" \/><\/figure><\/li><\/ul><\/figure>\n\n\n\n<p>Podczas uroczystego otwarcia obecni byli:<\/p>\n\n\n\n<ul class=\"wp-block-list\"><li>Prezydent Miasta Zamo\u015b\u0107 Pan Andrzej Wnuk. <\/li><li>Starost\u0119 Zamojskiego Pana Stanis\u0142awa Grze\u015bko reprezentowa\u0142y Klaudia Wi\u015bniewska i Karolina W\u0119\u017cyk. <\/li><li>Przedstawiciele nowo wybranego Zarz\u0105du PZPC: Pan Jacek Zawadzki Wiceprezesa PZPC d\/s s\u0119dziowskich; Pan Antoni Kawa\u0142ek Wiceprezesa PZPC d\/s szkoleniowych; Pan Jacek G\u00f3ralski Cz\u0142onek Zarz\u0105du PZPC; Pan Leszek Tarnawski Cz\u0142onek Zarz\u0105du PZPC.<\/li><li>W\u0142adze Akademii Zamojskiej &#8211; by\u0142y Rektor uczelni Pa\u0144stwowej dr hab. Andrzej &nbsp;Samborski profesor Akademii Zamojskiej.<\/li><\/ul>\n\n\n\n<p>Podczas otwarcia zgromadzonym oficjelom zosta\u0142 wr\u0119czony medal \u201ePrzyjaciela Zamojskiej Sztangi\u201d.<\/p>\n\n\n\n<figure class=\"wp-block-image size-large\"><img loading=\"lazy\" decoding=\"async\" width=\"1024\" height=\"595\" src=\"https:\/\/ksagros.pl\/wp-content\/uploads\/2021\/10\/DSC_0482-1024x595.jpg\" alt=\"\" class=\"wp-image-2338\" srcset=\"https:\/\/ksagros.pl\/wp-content\/uploads\/2021\/10\/DSC_0482-1024x595.jpg 1024w, https:\/\/ksagros.pl\/wp-content\/uploads\/2021\/10\/DSC_0482-300x174.jpg 300w, https:\/\/ksagros.pl\/wp-content\/uploads\/2021\/10\/DSC_0482-768x446.jpg 768w, https:\/\/ksagros.pl\/wp-content\/uploads\/2021\/10\/DSC_0482-1536x893.jpg 1536w, https:\/\/ksagros.pl\/wp-content\/uploads\/2021\/10\/DSC_0482-2048x1190.jpg 2048w, https:\/\/ksagros.pl\/wp-content\/uploads\/2021\/10\/DSC_0482-570x331.jpg 570w\" sizes=\"auto, (max-width: 1024px) 100vw, 1024px\" \/><\/figure>\n\n\n\n<figure class=\"wp-block-image size-full\"><img loading=\"lazy\" decoding=\"async\" width=\"600\" height=\"123\" src=\"https:\/\/ksagros.pl\/wp-content\/uploads\/2021\/09\/logo_wydatek_200.jpg\" alt=\"\" class=\"wp-image-2195\" srcset=\"https:\/\/ksagros.pl\/wp-content\/uploads\/2021\/09\/logo_wydatek_200.jpg 600w, https:\/\/ksagros.pl\/wp-content\/uploads\/2021\/09\/logo_wydatek_200-300x62.jpg 300w, https:\/\/ksagros.pl\/wp-content\/uploads\/2021\/09\/logo_wydatek_200-570x117.jpg 570w\" sizes=\"auto, (max-width: 600px) 100vw, 600px\" \/><\/figure>\n\n\n\n<p>Drugiego dnia zako\u0144czenie oraz ceremoni\u0119 dekoracji swoj\u0105 obecno\u015bci\u0105 zaszczycili Dyrektor Wydzia\u0142u Kultury i Sportu Miasta Zamo\u015b\u0107 Pan Piotr Orzechowski, przedstawiciele Zarz\u0105du PZPC oraz przedstawiciele Lubelskiej Unii Sportu Prezes Pan Bogus\u0142aw Trojan i&nbsp;Wiceprezes Pani Magdalena Iwaszczuk.<\/p>\n\n\n\n<p class=\"has-text-align-center\"><strong><span class=\"has-inline-color has-vivid-red-color\">WYNIKI:<\/span><\/strong><\/p>\n\n\n\n<div class=\"wp-block-file\"><a href=\"https:\/\/ksagros.pl\/wp-content\/uploads\/2021\/10\/5001-2021.10.8-10-MP-U23-Zamosc-Sinclair.pdf\">MP-U23-Sinclair<\/a><a href=\"https:\/\/ksagros.pl\/wp-content\/uploads\/2021\/10\/5001-2021.10.8-10-MP-U23-Zamosc-Sinclair.pdf\" class=\"wp-block-file__button\" download>Pobierz<\/a><\/div>\n\n\n\n<div class=\"wp-block-file\"><a href=\"https:\/\/ksagros.pl\/wp-content\/uploads\/2021\/10\/5003-2021.10.8-10-MP-U23-Zamosc-wyniki-medale.pdf\">MP-U23-wyniki-medale<\/a><a href=\"https:\/\/ksagros.pl\/wp-content\/uploads\/2021\/10\/5003-2021.10.8-10-MP-U23-Zamosc-wyniki-medale.pdf\" class=\"wp-block-file__button\" download>Pobierz<\/a><\/div>\n\n\n\n<div class=\"wp-block-file\"><a href=\"https:\/\/ksagros.pl\/wp-content\/uploads\/2021\/10\/5002-2021.10.8-10-MP-U23-Zamosc-kluby-i-wojew.pdf\">MP-U23-kluby i wojew\u00f3dztwa<\/a><a href=\"https:\/\/ksagros.pl\/wp-content\/uploads\/2021\/10\/5002-2021.10.8-10-MP-U23-Zamosc-kluby-i-wojew.pdf\" class=\"wp-block-file__button\" download>Pobierz<\/a><\/div>\n","protected":false},"excerpt":{"rendered":"<p>W dniach 08-10 pa\u017adziernika 2021 roku w hali sportowej ZSP Nr 5 przy ul. Szczebrzeskiej 102 w Zamo\u015bciu odby\u0142y si\u0119 M\u0142odzie\u017cowe Mistrzostwa Polski do lat 23 w podnoszeniu ci\u0119\u017car\u00f3w.&nbsp;W zawodach wzi\u0119li udzia\u0142 ci\u0119\u017carowcy z ca\u0142ej Polski. Klub Sportowy \u201eAgros\u201d Zamo\u015b\u0107 mo\u017ce pochwali\u0107 si\u0119 4 z\u0142otymi medalami i pierwszym miejscem w&nbsp;klasyfikacji klubowej. Najlepszy wynik wed\u0142ug punktacji [&hellip;]<\/p>\n","protected":false},"author":2,"featured_media":2309,"comment_status":"closed","ping_status":"open","sticky":false,"template":"","format":"standard","meta":{"footnotes":""},"categories":[16,5],"tags":[78,15,12],"class_list":{"0":"post-2308","1":"post","2":"type-post","3":"status-publish","4":"format-standard","5":"has-post-thumbnail","7":"category-aktualnosci","8":"category-podnoszenie-ciezarow","9":"tag-ksagroszamosc","10":"tag-ks-agros-zamosc","11":"tag-podnoszenie-ciezarow","12":"czr-hentry"},"_links":{"self":[{"href":"https:\/\/ksagros.pl\/index.php\/wp-json\/wp\/v2\/posts\/2308","targetHints":{"allow":["GET"]}}],"collection":[{"href":"https:\/\/ksagros.pl\/index.php\/wp-json\/wp\/v2\/posts"}],"about":[{"href":"https:\/\/ksagros.pl\/index.php\/wp-json\/wp\/v2\/types\/post"}],"author":[{"embeddable":true,"href":"https:\/\/ksagros.pl\/index.php\/wp-json\/wp\/v2\/users\/2"}],"replies":[{"embeddable":true,"href":"https:\/\/ksagros.pl\/index.php\/wp-json\/wp\/v2\/comments?post=2308"}],"version-history":[{"count":26,"href":"https:\/\/ksagros.pl\/index.php\/wp-json\/wp\/v2\/posts\/2308\/revisions"}],"predecessor-version":[{"id":2352,"href":"https:\/\/ksagros.pl\/index.php\/wp-json\/wp\/v2\/posts\/2308\/revisions\/2352"}],"wp:featuredmedia":[{"embeddable":true,"href":"https:\/\/ksagros.pl\/index.php\/wp-json\/wp\/v2\/media\/2309"}],"wp:attachment":[{"href":"https:\/\/ksagros.pl\/index.php\/wp-json\/wp\/v2\/media?parent=2308"}],"wp:term":[{"taxonomy":"category","embeddable":true,"href":"https:\/\/ksagros.pl\/index.php\/wp-json\/wp\/v2\/categories?post=2308"},{"taxonomy":"post_tag","embeddable":true,"href":"https:\/\/ksagros.pl\/index.php\/wp-json\/wp\/v2\/tags?post=2308"}],"curies":[{"name":"wp","href":"https:\/\/api.w.org\/{rel}","templated":true}]}}