{"id":2278,"date":"2021-09-27T10:32:00","date_gmt":"2021-09-27T08:32:00","guid":{"rendered":"http:\/\/ksagros.pl\/?p=2278"},"modified":"2021-09-28T09:21:46","modified_gmt":"2021-09-28T07:21:46","slug":"puchar-roztocza-w-podnoszeniu-ciezarow-2021-memorial-im-tadeusza-skamskiego","status":"publish","type":"post","link":"https:\/\/ksagros.pl\/index.php\/2021\/09\/27\/puchar-roztocza-w-podnoszeniu-ciezarow-2021-memorial-im-tadeusza-skamskiego\/","title":{"rendered":"OG\u00d3LNOPOLSKI PUCHAR ROZTOCZA W PODNOSZENIU CI\u0118\u017bAR\u00d3W 2021, Memoria\u0142 im. Tadeusza Sk\u0105mskiego."},"content":{"rendered":"\n<p><strong>W dniach 25-26.09.2021r<\/strong>. <strong>odby\u0142a si\u0119 kolejna impreza rozegrana w&nbsp;tym roku, w&nbsp;hali sportowej ZSP Nr 5 przy ul. Szczebrzeskiej 102 w&nbsp;Zamo\u015bciu.<\/strong> <strong>Podczas zawod\u00f3w rozegrany zosta\u0142 III rzut Wojew\u00f3dzkiej Ligi Junior\u00f3w. <\/strong><\/p>\n\n\n\n<p>G\u0142\u00f3wnym organizatorem Pucharu by\u0142 Klub Sportowy \u201eAgros\u201d Zamo\u015b\u0107. Celem zawod\u00f3w by\u0142a  promocja Wojew\u00f3dztwa Lubelskiego, popularyzacja podnoszenia ci\u0119\u017car\u00f3w oraz wy\u0142onienie najlepszych zawodnik\u00f3w. Og\u00f3lnopolski Puchar Roztocza zorganizowany zosta\u0142 przy wykorzystaniu \u015brodk\u00f3w finansowych pozyskanych z Ministerstwa Kultury, Dziedzictwa Narodowego i Sportu oraz wsp\u00f3\u0142finansowany ze \u015brodk\u00f3w Europejskiego Funduszu Rozwoju Regionalnego w ramach realizacji projektu pt. \u201eMarketing Gospodarczy Wojew\u00f3dztwa Lubelskiego II\u201d.<\/p>\n\n\n\n<p>W zawodach startowa\u0142o ponad 80 zawodniczek i zawodnik\u00f3w z wojew\u00f3dztwa mazowieckiego, podkarpackiego i lubelskiego.<\/p>\n\n\n\n<p><\/p>\n\n\n\n<figure class=\"wp-block-image size-large\"><img loading=\"lazy\" decoding=\"async\" width=\"1024\" height=\"678\" src=\"https:\/\/ksagros.pl\/wp-content\/uploads\/2021\/09\/DSC_0463-1024x678.jpg\" alt=\"\" class=\"wp-image-2279\" srcset=\"https:\/\/ksagros.pl\/wp-content\/uploads\/2021\/09\/DSC_0463-1024x678.jpg 1024w, https:\/\/ksagros.pl\/wp-content\/uploads\/2021\/09\/DSC_0463-300x199.jpg 300w, https:\/\/ksagros.pl\/wp-content\/uploads\/2021\/09\/DSC_0463-768x509.jpg 768w, https:\/\/ksagros.pl\/wp-content\/uploads\/2021\/09\/DSC_0463-1536x1017.jpg 1536w, https:\/\/ksagros.pl\/wp-content\/uploads\/2021\/09\/DSC_0463-2048x1356.jpg 2048w, https:\/\/ksagros.pl\/wp-content\/uploads\/2021\/09\/DSC_0463-570x378.jpg 570w\" sizes=\"auto, (max-width: 1024px) 100vw, 1024px\" \/><\/figure>\n\n\n\n<div class=\"wp-block-image\"><figure class=\"aligncenter size-full\"><img loading=\"lazy\" decoding=\"async\" width=\"600\" height=\"123\" src=\"https:\/\/ksagros.pl\/wp-content\/uploads\/2021\/09\/logo_wydatek_200.jpg\" alt=\"\" class=\"wp-image-2195\" srcset=\"https:\/\/ksagros.pl\/wp-content\/uploads\/2021\/09\/logo_wydatek_200.jpg 600w, https:\/\/ksagros.pl\/wp-content\/uploads\/2021\/09\/logo_wydatek_200-300x62.jpg 300w, https:\/\/ksagros.pl\/wp-content\/uploads\/2021\/09\/logo_wydatek_200-570x117.jpg 570w\" sizes=\"auto, (max-width: 600px) 100vw, 600px\" \/><\/figure><\/div>\n\n\n\n<p>Opr\u00f3cz sukcesu organizacyjnego KS &#8222;Agros&#8221; Zamo\u015b\u0107 mo\u017ce r\u00f3wnie\u017c pochwali\u0107 si\u0119 osi\u0105gni\u0119ciami swoich zawodnik\u00f3w podczas zawod\u00f3w. W klasyfikacji sinclaira Kamila Drozda zaj\u0119\u0142a VI miejsce,   a w\u015br\u00f3d m\u0119\u017cczyzn  III miejsce  Maksymilian Dorn, V miejsce Kacper Magielnicki, IX miejsce Jakub Trytek, X miejsce  Krystian Gaca.<\/p>\n\n\n\n<p>Klasyfikacja z podzia\u0142em na kat. wagowe:<\/p>\n\n\n\n<p><span class=\"has-inline-color has-vivid-cyan-blue-color\"><strong>Kobiety<\/strong><\/span><\/p>\n\n\n\n<p>II miejsce Emilia Drozda, kat. 45 kg &#8211; 79 kg<\/p>\n\n\n\n<p>II  miejsce  Kamila Drozda, kat. 55 kg &#8211; 100 kg<\/p>\n\n\n\n<p>II miejsce Julia Palonka, kat. 76 kg &#8211; 109 kg<\/p>\n\n\n\n<p>II miejsce El\u017cbieta Sa\u0142amacha, kat. +87 kg &#8211; 123 kg<\/p>\n\n\n\n<p>III miejsce Paulina Drozda, kat. 64 kg &#8211; 88 kg<\/p>\n\n\n\n<p>III miejsce Jessica Surma, kat. 71 kg &#8211; 84 kg<\/p>\n\n\n\n<p>IV miejsce Izabela Furlepa, kat. 71 kg &#8211; 78 kg<\/p>\n\n\n\n<p>IV miejsce Zuzanna Stasiuk, kat. 55 kg &#8211; 75 kg<\/p>\n\n\n\n<p>V miejsce Gabriela Sta\u0144czyk, kat. 55 kg &#8211; 74 kg <\/p>\n\n\n\n<p><strong><span class=\"has-inline-color has-vivid-cyan-blue-color\">M\u0119\u017cczy\u017ani<\/span><\/strong><\/p>\n\n\n\n<p>I miejsce Kacper Magielnicki,  kat. 73 kg &#8211; 235 kg<\/p>\n\n\n\n<p>I miejsce Szymon Trytek, kat. 109 kg &#8211; 235 kg <\/p>\n\n\n\n<p>I miejsce Arkadiusz Przyczyna, kat. 81 kg &#8211; 225 kg<\/p>\n\n\n\n<p>II miejsce Karol Maksymowicz, kat. 61 kg &#8211; 180 kg<\/p>\n\n\n\n<p>II miejsce Jakub Trytek,  kat. 73 kg &#8211; 221 kg<\/p>\n\n\n\n<p>II miejsce Maksymilian Dorn, kat. 96 kg &#8211; 280 kg<\/p>\n\n\n\n<p>III miejsce Krystian Gaca,  kat. 73 kg &#8211; 220 kg<\/p>\n\n\n\n<p>IV miejsce Kacper Popielewski, kat. 61 kg &#8211; 153 kg<\/p>\n\n\n\n<p>V miejsce Jakub Sys\u0142o, kat. 67 kg &#8211; 150 kg <\/p>\n\n\n\n<p>V miejsce Marcin Wyskiel, kat. 73 kg &#8211; 170 kg <\/p>\n\n\n\n<p>Gratulacje nale\u017c\u0105 si\u0119 wszystkim zawodnikom oraz trenerom Panu Andrzejowi Gaw\u0142owi i Panu Krzysztofowi Niemczukowi. <\/p>\n","protected":false},"excerpt":{"rendered":"<p>W dniach 25-26.09.2021r. odby\u0142a si\u0119 kolejna impreza rozegrana w&nbsp;tym roku, w&nbsp;hali sportowej ZSP Nr 5 przy ul. Szczebrzeskiej 102 w&nbsp;Zamo\u015bciu. Podczas zawod\u00f3w rozegrany zosta\u0142 III rzut Wojew\u00f3dzkiej Ligi Junior\u00f3w. G\u0142\u00f3wnym organizatorem Pucharu by\u0142 Klub Sportowy \u201eAgros\u201d Zamo\u015b\u0107. Celem zawod\u00f3w by\u0142a promocja Wojew\u00f3dztwa Lubelskiego, popularyzacja podnoszenia ci\u0119\u017car\u00f3w oraz wy\u0142onienie najlepszych zawodnik\u00f3w. Og\u00f3lnopolski Puchar Roztocza zorganizowany zosta\u0142 [&hellip;]<\/p>\n","protected":false},"author":2,"featured_media":0,"comment_status":"closed","ping_status":"open","sticky":false,"template":"","format":"standard","meta":{"footnotes":""},"categories":[16,5],"tags":[15,12],"class_list":{"0":"post-2278","1":"post","2":"type-post","3":"status-publish","4":"format-standard","6":"category-aktualnosci","7":"category-podnoszenie-ciezarow","8":"tag-ks-agros-zamosc","9":"tag-podnoszenie-ciezarow","10":"czr-hentry"},"_links":{"self":[{"href":"https:\/\/ksagros.pl\/index.php\/wp-json\/wp\/v2\/posts\/2278","targetHints":{"allow":["GET"]}}],"collection":[{"href":"https:\/\/ksagros.pl\/index.php\/wp-json\/wp\/v2\/posts"}],"about":[{"href":"https:\/\/ksagros.pl\/index.php\/wp-json\/wp\/v2\/types\/post"}],"author":[{"embeddable":true,"href":"https:\/\/ksagros.pl\/index.php\/wp-json\/wp\/v2\/users\/2"}],"replies":[{"embeddable":true,"href":"https:\/\/ksagros.pl\/index.php\/wp-json\/wp\/v2\/comments?post=2278"}],"version-history":[{"count":8,"href":"https:\/\/ksagros.pl\/index.php\/wp-json\/wp\/v2\/posts\/2278\/revisions"}],"predecessor-version":[{"id":2291,"href":"https:\/\/ksagros.pl\/index.php\/wp-json\/wp\/v2\/posts\/2278\/revisions\/2291"}],"wp:attachment":[{"href":"https:\/\/ksagros.pl\/index.php\/wp-json\/wp\/v2\/media?parent=2278"}],"wp:term":[{"taxonomy":"category","embeddable":true,"href":"https:\/\/ksagros.pl\/index.php\/wp-json\/wp\/v2\/categories?post=2278"},{"taxonomy":"post_tag","embeddable":true,"href":"https:\/\/ksagros.pl\/index.php\/wp-json\/wp\/v2\/tags?post=2278"}],"curies":[{"name":"wp","href":"https:\/\/api.w.org\/{rel}","templated":true}]}}