{"id":2077,"date":"2021-07-26T10:09:18","date_gmt":"2021-07-26T08:09:18","guid":{"rendered":"http:\/\/ksagros.pl\/?p=2077"},"modified":"2021-08-11T09:58:28","modified_gmt":"2021-08-11T07:58:28","slug":"medalisci-mistrzostw-polski","status":"publish","type":"post","link":"https:\/\/ksagros.pl\/index.php\/2021\/07\/26\/medalisci-mistrzostw-polski\/","title":{"rendered":"Medali\u015bci Mistrzostw Polski!"},"content":{"rendered":"\n<p><strong>W miniony weekend (24-25.07.2021r.) w Suwa\u0142kach zosta\u0142y rozegrane Mistrzostwa Polski U23. W rzucie m\u0142otem oraz w rzucie dyskiem nasi zawodnicy zdobyli z\u0142oto.<\/strong><\/p>\n\n\n\n<p>Dw\u00f3ch zawodnik\u00f3w z Klubu Sportowego \u201eAgros\u201d Zamo\u015b\u0107 zdoby\u0142o z\u0142ote medal                        w konkurencjach indywidualnych w trakcie mistrzostw. Micha\u0142 Mazur drugi raz z rz\u0119du zdoby\u0142 z\u0142oty medal w rzucie m\u0142otem. M\u0142ociarz we wszystkich mierzonych pr\u00f3bach uzyska\u0142 wynik ponad 62 metry. Najlepsz\u0105 odleg\u0142o\u015b\u0107 Micha\u0142 osi\u0105gn\u0105\u0142 w trzeciej pr\u00f3bie, zawodnik rzuci\u0142 63.39 metry.<\/p>\n\n\n\n<p>\u201eNiekwestionowanym liderem konkursu by\u0142 Jakub Lewoszewski, kt\u00f3ry we wszystkich mierzonych pr\u00f3bach przekracza\u0142 50 metr\u00f3w, a triumf w Suwa\u0142kach przypiecz\u0119towa\u0142 rzutem     z sz\u00f3stej serii na 55.37.\u201d \u2013 czytamy na stronie internetowej Polskiego Zwi\u0105zku Lekkiej Atletyki. Nasz zawodnik by\u0142 niepokonany w rzucie dyskiem i stan\u0105\u0142 na najwy\u017cszym stopniu podium.<\/p>\n\n\n\n<p>Inni zawodnicy, kt\u00f3rzy podczas Mistrzostw Polski w Suwa\u0142kach reprezentowali barwy klubowe, to:  Jakub Pyda (bieg na 100m i 200m), Kacper Lemieszek (skok w dal), Kornel Warszawski (pchni\u0119cie kul\u0105).<\/p>\n\n\n\n<p>W klasyfikacji medalowej Klub Sportowy \u201eAgros\u201d Zamo\u015b\u0107 zaj\u0105\u0142\u00a0 dziewi\u0105te miejsce. Wszystkim zawodnikom oraz trenerom gratulujemy osi\u0105gni\u0119tych wynik\u00f3w i\u00a0\u017cyczymy dalszych sukces\u00f3w.<\/p>\n\n\n\n<p>Nasi zawodnicy podczas zawod\u00f3w wystartowali w strojach sportowych, butach oraz u\u017cyli sprz\u0119tu dofinansowanego ze \u015brodk\u00f3w Funduszu Rozwoju i Kultury Fizycznej, kt\u00f3rych dysponentem jest Minister Kultury, Dziedzictwa Narodowego i Sportu. <\/p>\n\n\n\n<div class=\"wp-block-image\"><figure class=\"aligncenter size-large\"><img loading=\"lazy\" decoding=\"async\" width=\"345\" height=\"146\" src=\"https:\/\/ksagros.pl\/wp-content\/uploads\/2021\/08\/pobrany-plik.png\" alt=\"\" class=\"wp-image-2112\" srcset=\"https:\/\/ksagros.pl\/wp-content\/uploads\/2021\/08\/pobrany-plik.png 345w, https:\/\/ksagros.pl\/wp-content\/uploads\/2021\/08\/pobrany-plik-300x127.png 300w\" sizes=\"auto, (max-width: 345px) 100vw, 345px\" \/><\/figure><\/div>\n\n\n\n<figure class=\"wp-block-image size-large\"><img loading=\"lazy\" decoding=\"async\" width=\"943\" height=\"1024\" src=\"https:\/\/ksagros.pl\/wp-content\/uploads\/2021\/07\/219365143_1044408922995307_1342727952597837049_n-943x1024.jpg\" alt=\"\" class=\"wp-image-2078\" srcset=\"https:\/\/ksagros.pl\/wp-content\/uploads\/2021\/07\/219365143_1044408922995307_1342727952597837049_n-943x1024.jpg 943w, https:\/\/ksagros.pl\/wp-content\/uploads\/2021\/07\/219365143_1044408922995307_1342727952597837049_n-276x300.jpg 276w, https:\/\/ksagros.pl\/wp-content\/uploads\/2021\/07\/219365143_1044408922995307_1342727952597837049_n-768x834.jpg 768w, https:\/\/ksagros.pl\/wp-content\/uploads\/2021\/07\/219365143_1044408922995307_1342727952597837049_n-1414x1536.jpg 1414w, https:\/\/ksagros.pl\/wp-content\/uploads\/2021\/07\/219365143_1044408922995307_1342727952597837049_n-570x619.jpg 570w, https:\/\/ksagros.pl\/wp-content\/uploads\/2021\/07\/219365143_1044408922995307_1342727952597837049_n.jpg 1527w\" sizes=\"auto, (max-width: 943px) 100vw, 943px\" \/><\/figure>\n\n\n\n<figure class=\"wp-block-image size-large\"><img loading=\"lazy\" decoding=\"async\" width=\"857\" height=\"865\" src=\"https:\/\/ksagros.pl\/wp-content\/uploads\/2021\/07\/219696795_1991157804366323_3758987505439063408_n-1.jpg\" alt=\"\" class=\"wp-image-2080\" srcset=\"https:\/\/ksagros.pl\/wp-content\/uploads\/2021\/07\/219696795_1991157804366323_3758987505439063408_n-1.jpg 857w, https:\/\/ksagros.pl\/wp-content\/uploads\/2021\/07\/219696795_1991157804366323_3758987505439063408_n-1-297x300.jpg 297w, https:\/\/ksagros.pl\/wp-content\/uploads\/2021\/07\/219696795_1991157804366323_3758987505439063408_n-1-150x150.jpg 150w, https:\/\/ksagros.pl\/wp-content\/uploads\/2021\/07\/219696795_1991157804366323_3758987505439063408_n-1-768x775.jpg 768w, https:\/\/ksagros.pl\/wp-content\/uploads\/2021\/07\/219696795_1991157804366323_3758987505439063408_n-1-570x575.jpg 570w\" sizes=\"auto, (max-width: 857px) 100vw, 857px\" \/><\/figure>\n","protected":false},"excerpt":{"rendered":"<p>W miniony weekend (24-25.07.2021r.) w Suwa\u0142kach zosta\u0142y rozegrane Mistrzostwa Polski U23. W rzucie m\u0142otem oraz w rzucie dyskiem nasi zawodnicy zdobyli z\u0142oto. Dw\u00f3ch zawodnik\u00f3w z Klubu Sportowego \u201eAgros\u201d Zamo\u015b\u0107 zdoby\u0142o z\u0142ote medal w konkurencjach indywidualnych w trakcie mistrzostw. Micha\u0142 Mazur drugi raz z rz\u0119du zdoby\u0142 z\u0142oty medal w rzucie m\u0142otem. M\u0142ociarz we wszystkich mierzonych pr\u00f3bach [&hellip;]<\/p>\n","protected":false},"author":2,"featured_media":0,"comment_status":"closed","ping_status":"open","sticky":false,"template":"","format":"standard","meta":{"footnotes":""},"categories":[16,4],"tags":[78,83],"class_list":{"0":"post-2077","1":"post","2":"type-post","3":"status-publish","4":"format-standard","6":"category-aktualnosci","7":"category-lekkoatletyka","8":"tag-ksagroszamosc","9":"tag-lekkoatletyka-2","10":"czr-hentry"},"_links":{"self":[{"href":"https:\/\/ksagros.pl\/index.php\/wp-json\/wp\/v2\/posts\/2077","targetHints":{"allow":["GET"]}}],"collection":[{"href":"https:\/\/ksagros.pl\/index.php\/wp-json\/wp\/v2\/posts"}],"about":[{"href":"https:\/\/ksagros.pl\/index.php\/wp-json\/wp\/v2\/types\/post"}],"author":[{"embeddable":true,"href":"https:\/\/ksagros.pl\/index.php\/wp-json\/wp\/v2\/users\/2"}],"replies":[{"embeddable":true,"href":"https:\/\/ksagros.pl\/index.php\/wp-json\/wp\/v2\/comments?post=2077"}],"version-history":[{"count":3,"href":"https:\/\/ksagros.pl\/index.php\/wp-json\/wp\/v2\/posts\/2077\/revisions"}],"predecessor-version":[{"id":2119,"href":"https:\/\/ksagros.pl\/index.php\/wp-json\/wp\/v2\/posts\/2077\/revisions\/2119"}],"wp:attachment":[{"href":"https:\/\/ksagros.pl\/index.php\/wp-json\/wp\/v2\/media?parent=2077"}],"wp:term":[{"taxonomy":"category","embeddable":true,"href":"https:\/\/ksagros.pl\/index.php\/wp-json\/wp\/v2\/categories?post=2077"},{"taxonomy":"post_tag","embeddable":true,"href":"https:\/\/ksagros.pl\/index.php\/wp-json\/wp\/v2\/tags?post=2077"}],"curies":[{"name":"wp","href":"https:\/\/api.w.org\/{rel}","templated":true}]}}