{"id":2024,"date":"2021-07-05T11:45:31","date_gmt":"2021-07-05T09:45:31","guid":{"rendered":"http:\/\/ksagros.pl\/?p=2024"},"modified":"2021-07-07T07:00:03","modified_gmt":"2021-07-07T05:00:03","slug":"medale-podczas-mistrzostw-polski-u20","status":"publish","type":"post","link":"https:\/\/ksagros.pl\/index.php\/2021\/07\/05\/medale-podczas-mistrzostw-polski-u20\/","title":{"rendered":"Medale podczas Mistrzostw Polski U20"},"content":{"rendered":"\n<p>W dniach 2-4 lipca 2021 roku na Stadionie Lekkoatletycznym w Lublinie odby\u0142y si\u0119 75 Mistrzostwa Polski Junior\u00f3w U20. Reprezentanci naszego klubu spisali si\u0119 fantastycznie.<\/p>\n\n\n\n<p>Klub Sportowy \u201eAgros\u201d Zamo\u015b\u0107 w klasyfikacji klubowej przy 7 osobostartach zdoby\u0142 a\u017c 71 punkt\u00f3w, co zapewni\u0142o 8 miejsce w ostatecznej lokacie. Przez trzy dni nasi lekkoatleci brali udzia\u0142  w zmaganiach, zdobywaj\u0105c 4 medale.<\/p>\n\n\n\n<p>Na najwy\u017cszym stopniu podium stan\u0119\u0142a <strong>Wiktoria \u0141uczak,<\/strong> kt\u00f3ra w pchni\u0119ciu kul\u0105 z\u00a0wynikiem 13.82 metra, zdoby\u0142a z\u0142oty medal. \u00a0<\/p>\n\n\n\n<p>Srebrny medal zdoby\u0142a <strong>Monika<\/strong> <a href=\"https:\/\/domtel-sport.pl\/statystykaLA\/personal.php?page=profile&amp;nr_zaw=90207&amp;r=1\"><\/a><strong>Romaszko<\/strong> w biegu na 100 m &#8211; 11.59. Warto wspomnie\u0107, \u017ce Monika podczas Mityngu w Bia\u0142ej Podlaskiej uzyska\u0142a minimum na\u00a0Mistrzostwa \u015awiata, kt\u00f3re odb\u0119d\u0105 si\u0119 17-18.08.2021r. w Kenii oraz na Mistrzostwa Europy (15-18.07.2021r. Tallinn).<\/p>\n\n\n\n<p>Pozosta\u0142e dwa medale by\u0142y barwy br\u0105zowej, zdobyte przez wy\u017cej opisan\u0105 <strong>Monik\u0119 Romaszko<\/strong> w biegu na 200 m z czasem 23.96 oraz przez <strong>King\u0119 Staszczuk<\/strong> w tr\u00f3jskoku, kt\u00f3ra uzyska\u0142a wynik 12.33 m, pobijaj\u0105c tym samym sw\u00f3j rekord \u017cyciowy.<\/p>\n\n\n\n<p>Inni zawodnicy reprezentuj\u0105cy barwy naszego Klubu, kt\u00f3rzy r\u00f3wnie\u017c przyczynili si\u0119 do zdobycia punkt\u00f3w dla klubu:<\/p>\n\n\n\n<p><strong>Patryk<\/strong> <strong>Krupa <\/strong>\u2013 4 miejsce w biegu 100 m (fina\u0142)\u00a010.59 (zawodnik ju\u017c wcze\u015bniej, podczas startu w S\u0142ubicach uzyska\u0142 minimum na Mistrzostwa Europy, kt\u00f3re odb\u0119d\u0105 si\u0119 w Estonii),\u00a0\u00a0\u00a0\u00a0\u00a0\u00a0<\/p>\n\n\n\n<p><strong>Patryk Krupa<\/strong> \u2013 5 miejsce 200 m (fina\u0142) 21.94,<\/p>\n\n\n\n<p><strong>Dagmara<\/strong> <strong>Jab\u0142o\u0144ska <\/strong>\u2013 8 miejsce (fina\u0142) rzut m\u0142otem z wynikiem 45.37,<\/p>\n\n\n\n<p><\/p>\n\n\n\n<p><strong>Kinga Staszczuk <\/strong>\u2013 17 miejsce w skoku w dal\u00a0 5.13,<\/p>\n\n\n\n<p><strong>Aneta<\/strong> <strong>Lenkiewicz <\/strong>\u2013 17 miejsce w rzucie m\u0142otem 40.12,<\/p>\n\n\n\n<p><strong>Wiktoria \u0141uczak <\/strong>\u2013 21 miejsce\u00a0 w rzucie dyskiem 31.22<\/p>\n\n\n\n<p>Do sukcesu zawodnik\u00f3w przyczynili si\u0119 trenerzy: Stanis\u0142aw Namiotko, Tomasz Murat, Dariusz Kuzdra, Andrzej Gda\u0144ski oraz Dariusz Pir\u00f3g. Gratulujemy osi\u0105gni\u0119\u0107\u00a0 i\u00a0\u017cyczymy dalszych sukces\u00f3w.<\/p>\n\n\n\n<p><\/p>\n\n\n\n<figure class=\"wp-block-image size-large\"><img loading=\"lazy\" decoding=\"async\" width=\"1024\" height=\"662\" src=\"https:\/\/ksagros.pl\/wp-content\/uploads\/2021\/07\/211993542_510355663355981_8975046123285132037_n-1024x662.jpg\" alt=\"\" class=\"wp-image-2025\" srcset=\"https:\/\/ksagros.pl\/wp-content\/uploads\/2021\/07\/211993542_510355663355981_8975046123285132037_n-1024x662.jpg 1024w, https:\/\/ksagros.pl\/wp-content\/uploads\/2021\/07\/211993542_510355663355981_8975046123285132037_n-300x194.jpg 300w, https:\/\/ksagros.pl\/wp-content\/uploads\/2021\/07\/211993542_510355663355981_8975046123285132037_n-768x496.jpg 768w, https:\/\/ksagros.pl\/wp-content\/uploads\/2021\/07\/211993542_510355663355981_8975046123285132037_n-570x368.jpg 570w, https:\/\/ksagros.pl\/wp-content\/uploads\/2021\/07\/211993542_510355663355981_8975046123285132037_n.jpg 1080w\" sizes=\"auto, (max-width: 1024px) 100vw, 1024px\" \/><\/figure>\n\n\n\n<figure class=\"wp-block-image size-large\"><img loading=\"lazy\" decoding=\"async\" width=\"768\" height=\"1024\" src=\"https:\/\/ksagros.pl\/wp-content\/uploads\/2021\/07\/213086424_1780020522170691_528728565355360581_n-768x1024.jpg\" alt=\"\" class=\"wp-image-2026\" srcset=\"https:\/\/ksagros.pl\/wp-content\/uploads\/2021\/07\/213086424_1780020522170691_528728565355360581_n-768x1024.jpg 768w, https:\/\/ksagros.pl\/wp-content\/uploads\/2021\/07\/213086424_1780020522170691_528728565355360581_n-225x300.jpg 225w, https:\/\/ksagros.pl\/wp-content\/uploads\/2021\/07\/213086424_1780020522170691_528728565355360581_n-570x760.jpg 570w, https:\/\/ksagros.pl\/wp-content\/uploads\/2021\/07\/213086424_1780020522170691_528728565355360581_n.jpg 828w\" sizes=\"auto, (max-width: 768px) 100vw, 768px\" \/><\/figure>\n\n\n\n<p><\/p>\n","protected":false},"excerpt":{"rendered":"<p>W dniach 2-4 lipca 2021 roku na Stadionie Lekkoatletycznym w Lublinie odby\u0142y si\u0119 75 Mistrzostwa Polski Junior\u00f3w U20. Reprezentanci naszego klubu spisali si\u0119 fantastycznie. Klub Sportowy \u201eAgros\u201d Zamo\u015b\u0107 w klasyfikacji klubowej przy 7 osobostartach zdoby\u0142 a\u017c 71 punkt\u00f3w, co zapewni\u0142o 8 miejsce w ostatecznej lokacie. Przez trzy dni nasi lekkoatleci brali udzia\u0142 w zmaganiach, zdobywaj\u0105c [&hellip;]<\/p>\n","protected":false},"author":2,"featured_media":0,"comment_status":"closed","ping_status":"open","sticky":false,"template":"","format":"standard","meta":{"footnotes":""},"categories":[16,4],"tags":[78],"class_list":{"0":"post-2024","1":"post","2":"type-post","3":"status-publish","4":"format-standard","6":"category-aktualnosci","7":"category-lekkoatletyka","8":"tag-ksagroszamosc","9":"czr-hentry"},"_links":{"self":[{"href":"https:\/\/ksagros.pl\/index.php\/wp-json\/wp\/v2\/posts\/2024","targetHints":{"allow":["GET"]}}],"collection":[{"href":"https:\/\/ksagros.pl\/index.php\/wp-json\/wp\/v2\/posts"}],"about":[{"href":"https:\/\/ksagros.pl\/index.php\/wp-json\/wp\/v2\/types\/post"}],"author":[{"embeddable":true,"href":"https:\/\/ksagros.pl\/index.php\/wp-json\/wp\/v2\/users\/2"}],"replies":[{"embeddable":true,"href":"https:\/\/ksagros.pl\/index.php\/wp-json\/wp\/v2\/comments?post=2024"}],"version-history":[{"count":2,"href":"https:\/\/ksagros.pl\/index.php\/wp-json\/wp\/v2\/posts\/2024\/revisions"}],"predecessor-version":[{"id":2038,"href":"https:\/\/ksagros.pl\/index.php\/wp-json\/wp\/v2\/posts\/2024\/revisions\/2038"}],"wp:attachment":[{"href":"https:\/\/ksagros.pl\/index.php\/wp-json\/wp\/v2\/media?parent=2024"}],"wp:term":[{"taxonomy":"category","embeddable":true,"href":"https:\/\/ksagros.pl\/index.php\/wp-json\/wp\/v2\/categories?post=2024"},{"taxonomy":"post_tag","embeddable":true,"href":"https:\/\/ksagros.pl\/index.php\/wp-json\/wp\/v2\/tags?post=2024"}],"curies":[{"name":"wp","href":"https:\/\/api.w.org\/{rel}","templated":true}]}}