{"id":1927,"date":"2021-05-24T13:02:21","date_gmt":"2021-05-24T11:02:21","guid":{"rendered":"http:\/\/ksagros.pl\/?p=1927"},"modified":"2021-05-25T09:49:16","modified_gmt":"2021-05-25T07:49:16","slug":"fantastyczne-wyniki","status":"publish","type":"post","link":"https:\/\/ksagros.pl\/index.php\/2021\/05\/24\/fantastyczne-wyniki\/","title":{"rendered":"Fantastyczne wyniki!"},"content":{"rendered":"\n<p>Fantastyczne wyniki osi\u0105gn\u0119li zawodnicy Klubu Sportowego &#8222;Agros&#8221; Zamo\u015b\u0107 podczas Grand&nbsp; Prix Lublin i 2. Wojew\u00f3dzkiego Kwalifikacyjnego Mityngu LOZLA. Zawody odby\u0142y si\u0119 w dniu 23 maja 2021r. \/niedziela\/ na stadion MOSiR w Lublinie. <\/p>\n\n\n\n<p>Osi\u0105gni\u0119cia naszych zawodnik\u00f3w:<\/p>\n\n\n\n<p class=\"has-text-align-center\"><strong><span class=\"has-inline-color has-vivid-cyan-blue-color\">100 metr\u00f3w kobiet<\/span><\/strong><\/p>\n\n\n\n<p class=\"has-text-align-center\">1 \u00a0miejsce\u00a0<strong>Monika ROMASZKO<\/strong> &#8211; 11.80 rekord \u017cyciowy i minimum na mistrzostwa Europy U20<\/p>\n\n\n\n<p class=\"has-text-align-center\">6 miejsce <strong>Sabina JACHYMEK<\/strong> &#8211; 12.55 rekord \u017cyciowy<\/p>\n\n\n\n<p class=\"has-text-align-center\">7 miejsce <strong>Angelika CIOS<\/strong> &#8211; 13.04 rekord \u017cyciowy<\/p>\n\n\n\n<p class=\"has-text-align-center\">8 miejsce <strong>Roksana RAROT<\/strong> &#8211; 13.13<\/p>\n\n\n\n<p class=\"has-text-align-center\">18 miejsce <strong>Amelia KU\u0179NIARZ<\/strong> &#8211; 13.73<\/p>\n\n\n\n<p class=\"has-text-align-center\">27 miejsce <strong>Jennifer WALCZUK<\/strong> &#8211; 14.87<\/p>\n\n\n\n<p class=\"has-text-align-center\"><span class=\"has-inline-color has-vivid-cyan-blue-color\"><strong>100 metr\u00f3w m\u0119\u017cczyzn<\/strong><\/span><\/p>\n\n\n\n<p class=\"has-text-align-center\">1 miejsce&nbsp;<strong>Micha\u0142 JAK\u00d3BCZYK<\/strong> &#8211; 10.69<\/p>\n\n\n\n<p class=\"has-text-align-center\">2 miejsce <strong>Adrian LEPIONKA<\/strong> &#8211; 11.21 rekord \u017cyciowy<\/p>\n\n\n\n<p class=\"has-text-align-center\">8 miejsce&nbsp;<strong>Kacper TAMA<\/strong> &#8211; 11.47<\/p>\n\n\n\n<p class=\"has-text-align-center\">10 miejsce <strong>Mateusz KRAWCZYK <\/strong>&#8211; 11.65 rekord sezonu<\/p>\n\n\n\n<p class=\"has-text-align-center\">12 miejsce <strong>Kacper SWATOWSKI<\/strong> &#8211; 11.82<\/p>\n\n\n\n<p class=\"has-text-align-center\">23 miejsce&nbsp;<strong>Szymon CHATALSKI <\/strong>&#8211; &nbsp;12.84<\/p>\n\n\n\n<p class=\"has-text-align-center\"><strong><span class=\"has-inline-color has-vivid-cyan-blue-color\">600 metr\u00f3w m\u0119\u017cczyzn<\/span><\/strong><\/p>\n\n\n\n<p class=\"has-text-align-center\">4 miejsce<strong> Bartosz MAME\u0141KA<\/strong> &#8211; 1:44.05<\/p>\n\n\n\n<p class=\"has-text-align-center\"><strong><span class=\"has-inline-color has-vivid-cyan-blue-color\">Rzut m\u0142otem kobiet U16 (3kg)<\/span><\/strong><\/p>\n\n\n\n<p class=\"has-text-align-center\">2 miejsce <strong>Jessica BARTNIK<\/strong> &#8211; 34.62 rekord \u017cyciowy<\/p>\n\n\n\n<p class=\"has-text-align-center\">5 miejsce<strong> Zuzanna SOKO\u0141OWSKA<\/strong> &#8211; 30.13 &nbsp;rekord \u017cyciowy<\/p>\n\n\n\n<p class=\"has-text-align-center\"><strong><span class=\"has-inline-color has-vivid-cyan-blue-color\">Rzut m\u0142otem kobiet (4kg)<\/span><\/strong><\/p>\n\n\n\n<p class=\"has-text-align-center\">3 &nbsp;miejsce <strong>Dagmara JAB\u0141O\u0143SKA <\/strong>&#8211; 46.14<\/p>\n\n\n\n<p class=\"has-text-align-center\">7 miejsce<strong> Aneta LENKIEWICZ<\/strong> &#8211; 35.40<\/p>\n\n\n\n<p class=\"has-text-align-center\"><strong><span class=\"has-inline-color has-vivid-cyan-blue-color\">Skok wzwy\u017c kobiet<\/span><\/strong><\/p>\n\n\n\n<p class=\"has-text-align-center\">2 miejsce <strong>Nikola BRANECKA <\/strong>&#8211; 1.45 rekord \u017cyciowy<\/p>\n\n\n\n<p class=\"has-text-align-center\"><strong><span class=\"has-inline-color has-vivid-cyan-blue-color\">Skok w dal kobiet<\/span><\/strong><\/p>\n\n\n\n<p class=\"has-text-align-center\">1 miejsce <strong>Magdalena D\u0104BSKA<\/strong> &#8211; 4.87 rekord \u017cyciowy<\/p>\n\n\n\n<p class=\"has-text-align-center\">3 miejsce <strong>Patrycja O\u017b\u00d3G &#8211;<\/strong> 4.63 rekord \u017cyciowy<\/p>\n\n\n\n<p class=\"has-text-align-center\">5 miejsce <strong>Amelia STASZCZUK<\/strong> &#8211; 4.37<\/p>\n\n\n\n<p class=\"has-text-align-center\"><strong><span class=\"has-inline-color has-vivid-cyan-blue-color\">Rzut dyskiem m\u0119\u017cczyzn (2kg)<\/span><\/strong><\/p>\n\n\n\n<p class=\"has-text-align-center\">1 miejsce <strong>Jakub LEWOSZEWSK<\/strong>I &#8211; 53.49 rekord \u017cyciowy<\/p>\n\n\n\n<p class=\"has-text-align-center\"><strong><span class=\"has-inline-color has-vivid-cyan-blue-color\">Rzut m\u0142otem m\u0119\u017cczyzn (7.26kg)<\/span><\/strong><\/p>\n\n\n\n<p class=\"has-text-align-center\">1 miejsce<strong> Micha\u0142 MAZUR <\/strong>&#8211; 66.98 rekord \u017cyciowy<\/p>\n\n\n\n<p class=\"has-text-align-center\"><strong><span class=\"has-inline-color has-vivid-cyan-blue-color\">Pchni\u0119cie kul\u0105 kobiet (4kg)<\/span><\/strong><\/p>\n\n\n\n<p class=\"has-text-align-center\">1 miejsce <strong>Wiktoria \u0141UCZAK<\/strong> &#8211; 14.45 rekord \u017cyciowy<\/p>\n\n\n\n<p class=\"has-text-align-center\"><strong><span class=\"has-inline-color has-vivid-cyan-blue-color\">Skok w dal m\u0119\u017cczyzn<\/span><\/strong><\/p>\n\n\n\n<p class=\"has-text-align-center\">1 miejsce <strong>Kacper LEMIESZEK<\/strong> &#8211; 7.26 rekord \u017cyciowy<\/p>\n\n\n\n<p class=\"has-text-align-center\">7 miejsce <strong>Dawid CZAPKA<\/strong> &#8211; 4.82<\/p>\n\n\n\n<p class=\"has-text-align-center\">8 miejsce<strong> Karol KUZDRA<\/strong> &#8211; 4.50<\/p>\n\n\n\n<p class=\"has-text-align-center\">9 miejsce <strong>Wiktor SAWICKI <\/strong>&#8211; 4.48<\/p>\n\n\n\n<p class=\"has-text-align-center\">10 miejsce <strong>Szymon BARABAS<\/strong> &nbsp;&#8211; 3.83<\/p>\n\n\n\n<p class=\"has-text-align-center\"><strong><span class=\"has-inline-color has-vivid-cyan-blue-color\">3000 metr\u00f3w kobiet<\/span><\/strong><\/p>\n\n\n\n<p class=\"has-text-align-center\">3 miejsce <strong>Wiktoria PORTKA<\/strong> &#8211; 15:16.35<\/p>\n\n\n\n<p class=\"has-text-align-center\"><strong><span class=\"has-inline-color has-vivid-cyan-blue-color\">3000 metr\u00f3w m\u0119\u017cczyzn<\/span><\/strong><\/p>\n\n\n\n<p class=\"has-text-align-center\">1 miejsce <strong>Adrian \u0106WIKLI\u0143SKI <\/strong>&#8211; 9:55.81<\/p>\n\n\n\n<p class=\"has-text-align-center\">4 miejsce <strong>Bart\u0142omiej P\u00d3\u0141TORAK<\/strong> &#8211; 10:20.97<\/p>\n\n\n\n<p class=\"has-text-align-center\"><strong><span class=\"has-inline-color has-vivid-cyan-blue-color\">300 metr\u00f3w kobiet<\/span><\/strong><\/p>\n\n\n\n<p class=\"has-text-align-center\">5 miejsce <strong>Magdalena D\u0104BSKA<\/strong> &#8211; 45.59 rekord \u017cyciowy<\/p>\n\n\n\n<p class=\"has-text-align-center\"><strong><span class=\"has-inline-color has-vivid-cyan-blue-color\">200 metr\u00f3w kobiet<\/span><\/strong><\/p>\n\n\n\n<p class=\"has-text-align-center\">1 miejsce <strong>Monika ROMASZKO<\/strong> &#8211; 23.92 rekord \u017cyciowy i minimum na mistrzostwa Europy U20<\/p>\n\n\n\n<p class=\"has-text-align-center\">3 miejsce <strong>Sabina JACHYMEK<\/strong> &#8211; 26.01 rekord \u017cyciowy<\/p>\n\n\n\n<p class=\"has-text-align-center\">5 miejsce <strong>Roksana RAROT<\/strong> &#8211; 26.85 rekord \u017cyciowy<\/p>\n\n\n\n<p class=\"has-text-align-center\"><strong><span class=\"has-inline-color has-vivid-cyan-blue-color\">200 metr\u00f3w m\u0119\u017cczyzn<\/span><\/strong><\/p>\n\n\n\n<p class=\"has-text-align-center\">2 miejsce <strong>Jakub PYDA<\/strong> &#8211; 22.08 rekord \u017cyciowy<\/p>\n\n\n\n<p class=\"has-text-align-center\">4 miejsce<strong> Adrian LEPIONKA<\/strong> &#8211; 22.88 rekord \u017cyciowy<\/p>\n\n\n\n<p class=\"has-text-align-center\">9 miejsce <strong>Kacper TAMA<\/strong> &#8211; 23.33<\/p>\n\n\n\n<p class=\"has-text-align-center\">12 miejsce<strong> Mateusz KRAWCZYK<\/strong> &#8211; 24.11<\/p>\n\n\n\n<p class=\"has-text-align-center\"><strong><span class=\"has-inline-color has-vivid-cyan-blue-color\">Tr\u00f3jskok kobiet<\/span><\/strong><\/p>\n\n\n\n<p class=\"has-text-align-center\">1 miejsce<strong>&nbsp;Kinga STASZCZUK<\/strong> &#8211; 12.18 rekord \u017cyciowy<\/p>\n\n\n\n<p class=\"has-text-align-center\">2 miejsce <strong>Aleksandra WELCZ<\/strong> &#8211; 10.26<\/p>\n\n\n\n<figure class=\"wp-block-gallery columns-2 is-cropped wp-block-gallery-1 is-layout-flex wp-block-gallery-is-layout-flex\"><ul class=\"blocks-gallery-grid\"><li class=\"blocks-gallery-item\"><figure><img loading=\"lazy\" decoding=\"async\" width=\"960\" height=\"640\" src=\"https:\/\/ksagros.pl\/wp-content\/uploads\/2021\/05\/190872871_2844558255861644_4666042261637298310_n.jpg\" alt=\"\" data-id=\"1928\" data-link=\"https:\/\/ksagros.pl\/?attachment_id=1928\" class=\"wp-image-1928\" srcset=\"https:\/\/ksagros.pl\/wp-content\/uploads\/2021\/05\/190872871_2844558255861644_4666042261637298310_n.jpg 960w, https:\/\/ksagros.pl\/wp-content\/uploads\/2021\/05\/190872871_2844558255861644_4666042261637298310_n-300x200.jpg 300w, https:\/\/ksagros.pl\/wp-content\/uploads\/2021\/05\/190872871_2844558255861644_4666042261637298310_n-768x512.jpg 768w, https:\/\/ksagros.pl\/wp-content\/uploads\/2021\/05\/190872871_2844558255861644_4666042261637298310_n-570x380.jpg 570w\" sizes=\"auto, (max-width: 960px) 100vw, 960px\" \/><\/figure><\/li><li class=\"blocks-gallery-item\"><figure><img loading=\"lazy\" decoding=\"async\" width=\"819\" height=\"935\" src=\"https:\/\/ksagros.pl\/wp-content\/uploads\/2021\/05\/191230176_221193939511078_6175504454257899126_n.jpg\" alt=\"\" data-id=\"1929\" data-full-url=\"https:\/\/ksagros.pl\/wp-content\/uploads\/2021\/05\/191230176_221193939511078_6175504454257899126_n.jpg\" data-link=\"https:\/\/ksagros.pl\/?attachment_id=1929\" class=\"wp-image-1929\" srcset=\"https:\/\/ksagros.pl\/wp-content\/uploads\/2021\/05\/191230176_221193939511078_6175504454257899126_n.jpg 819w, https:\/\/ksagros.pl\/wp-content\/uploads\/2021\/05\/191230176_221193939511078_6175504454257899126_n-263x300.jpg 263w, https:\/\/ksagros.pl\/wp-content\/uploads\/2021\/05\/191230176_221193939511078_6175504454257899126_n-768x877.jpg 768w, https:\/\/ksagros.pl\/wp-content\/uploads\/2021\/05\/191230176_221193939511078_6175504454257899126_n-570x651.jpg 570w\" sizes=\"auto, (max-width: 819px) 100vw, 819px\" \/><\/figure><\/li><\/ul><\/figure>\n","protected":false},"excerpt":{"rendered":"<p>Fantastyczne wyniki osi\u0105gn\u0119li zawodnicy Klubu Sportowego &#8222;Agros&#8221; Zamo\u015b\u0107 podczas Grand&nbsp; Prix Lublin i 2. Wojew\u00f3dzkiego Kwalifikacyjnego Mityngu LOZLA. Zawody odby\u0142y si\u0119 w dniu 23 maja 2021r. \/niedziela\/ na stadion MOSiR w Lublinie. Osi\u0105gni\u0119cia naszych zawodnik\u00f3w: 100 metr\u00f3w kobiet 1 \u00a0miejsce\u00a0Monika ROMASZKO &#8211; 11.80 rekord \u017cyciowy i minimum na mistrzostwa Europy U20 6 miejsce Sabina JACHYMEK [&hellip;]<\/p>\n","protected":false},"author":2,"featured_media":0,"comment_status":"closed","ping_status":"open","sticky":false,"template":"","format":"standard","meta":{"footnotes":""},"categories":[16,4],"tags":[78,35],"class_list":{"0":"post-1927","1":"post","2":"type-post","3":"status-publish","4":"format-standard","6":"category-aktualnosci","7":"category-lekkoatletyka","8":"tag-ksagroszamosc","9":"tag-lekkoatletyka","10":"czr-hentry"},"_links":{"self":[{"href":"https:\/\/ksagros.pl\/index.php\/wp-json\/wp\/v2\/posts\/1927","targetHints":{"allow":["GET"]}}],"collection":[{"href":"https:\/\/ksagros.pl\/index.php\/wp-json\/wp\/v2\/posts"}],"about":[{"href":"https:\/\/ksagros.pl\/index.php\/wp-json\/wp\/v2\/types\/post"}],"author":[{"embeddable":true,"href":"https:\/\/ksagros.pl\/index.php\/wp-json\/wp\/v2\/users\/2"}],"replies":[{"embeddable":true,"href":"https:\/\/ksagros.pl\/index.php\/wp-json\/wp\/v2\/comments?post=1927"}],"version-history":[{"count":2,"href":"https:\/\/ksagros.pl\/index.php\/wp-json\/wp\/v2\/posts\/1927\/revisions"}],"predecessor-version":[{"id":1931,"href":"https:\/\/ksagros.pl\/index.php\/wp-json\/wp\/v2\/posts\/1927\/revisions\/1931"}],"wp:attachment":[{"href":"https:\/\/ksagros.pl\/index.php\/wp-json\/wp\/v2\/media?parent=1927"}],"wp:term":[{"taxonomy":"category","embeddable":true,"href":"https:\/\/ksagros.pl\/index.php\/wp-json\/wp\/v2\/categories?post=1927"},{"taxonomy":"post_tag","embeddable":true,"href":"https:\/\/ksagros.pl\/index.php\/wp-json\/wp\/v2\/tags?post=1927"}],"curies":[{"name":"wp","href":"https:\/\/api.w.org\/{rel}","templated":true}]}}