{"id":1684,"date":"2021-02-05T10:44:44","date_gmt":"2021-02-05T09:44:44","guid":{"rendered":"http:\/\/ksagros.pl\/?p=1684"},"modified":"2021-02-10T16:07:05","modified_gmt":"2021-02-10T15:07:05","slug":"dominik-kopec-w-ostrawie","status":"publish","type":"post","link":"https:\/\/ksagros.pl\/index.php\/2021\/02\/05\/dominik-kopec-w-ostrawie\/","title":{"rendered":"Dominik Kope\u0107 w Ostrawie"},"content":{"rendered":"\n<p>Dnia 03 lutego 2021 roku w Ostrawie odby\u0142 si\u0119 Halowy Mityngu Czech Indoor Gala (World Athletics Indoor Tour Silver).<\/p>\n\n\n\n<p>W Ostrawie swoj\u0105 form\u0119 sprawdzi\u0142 sprinter Klubu Sportowego \u201eAgros\u201d Zamo\u015b\u0107. W&nbsp;biegu na 60 metr\u00f3w Dominik Kope\u0107 w wyr\u00f3wnanym fina\u0142owym biegu na 60 metr\u00f3w by\u0142 drugi z czasem 6.67. Wcze\u015bniej lekkoatleta Agrosu identyczny wynik uzyska\u0142 w&nbsp;kwalifikacjach (ju\u017c wcze\u015bniej wywalczy\u0142 minimum na Halowe Mistrzostwa Europy).<\/p>\n\n\n\n<p>Naszemu zawodnikowi oraz trenerowi Andrzejowi Gda\u0144skiemu nale\u017c\u0105 si\u0119 ogromne brawa.<\/p>\n\n\n\n<p><\/p>\n\n\n\n<figure class=\"wp-block-gallery columns-1 is-cropped wp-block-gallery-1 is-layout-flex wp-block-gallery-is-layout-flex\"><ul class=\"blocks-gallery-grid\"><li class=\"blocks-gallery-item\"><figure><img loading=\"lazy\" decoding=\"async\" width=\"1024\" height=\"596\" src=\"https:\/\/ksagros.pl\/wp-content\/uploads\/2021\/02\/Screenshot_20210205-060228_Google-1024x596.jpg\" alt=\"\" data-id=\"1685\" data-link=\"https:\/\/ksagros.pl\/?attachment_id=1685\" class=\"wp-image-1685\" srcset=\"https:\/\/ksagros.pl\/wp-content\/uploads\/2021\/02\/Screenshot_20210205-060228_Google-1024x596.jpg 1024w, https:\/\/ksagros.pl\/wp-content\/uploads\/2021\/02\/Screenshot_20210205-060228_Google-300x175.jpg 300w, https:\/\/ksagros.pl\/wp-content\/uploads\/2021\/02\/Screenshot_20210205-060228_Google-768x447.jpg 768w, https:\/\/ksagros.pl\/wp-content\/uploads\/2021\/02\/Screenshot_20210205-060228_Google-570x332.jpg 570w, https:\/\/ksagros.pl\/wp-content\/uploads\/2021\/02\/Screenshot_20210205-060228_Google.jpg 1212w\" sizes=\"auto, (max-width: 1024px) 100vw, 1024px\" \/><\/figure><\/li><\/ul><\/figure>\n\n\n\n<p>(fot.: https:\/\/sport.tvp.pl)<\/p>\n","protected":false},"excerpt":{"rendered":"<p>Dnia 03 lutego 2021 roku w Ostrawie odby\u0142 si\u0119 Halowy Mityngu Czech Indoor Gala (World Athletics Indoor Tour Silver). W Ostrawie swoj\u0105 form\u0119 sprawdzi\u0142 sprinter Klubu Sportowego \u201eAgros\u201d Zamo\u015b\u0107. W&nbsp;biegu na 60 metr\u00f3w Dominik Kope\u0107 w wyr\u00f3wnanym fina\u0142owym biegu na 60 metr\u00f3w by\u0142 drugi z czasem 6.67. Wcze\u015bniej lekkoatleta Agrosu identyczny wynik uzyska\u0142 w&nbsp;kwalifikacjach (ju\u017c [&hellip;]<\/p>\n","protected":false},"author":2,"featured_media":1687,"comment_status":"closed","ping_status":"open","sticky":false,"template":"","format":"standard","meta":{"footnotes":""},"categories":[16,4],"tags":[39,15,35],"class_list":{"0":"post-1684","1":"post","2":"type-post","3":"status-publish","4":"format-standard","5":"has-post-thumbnail","7":"category-aktualnosci","8":"category-lekkoatletyka","9":"tag-dominik-kopec","10":"tag-ks-agros-zamosc","11":"tag-lekkoatletyka","12":"czr-hentry"},"_links":{"self":[{"href":"https:\/\/ksagros.pl\/index.php\/wp-json\/wp\/v2\/posts\/1684","targetHints":{"allow":["GET"]}}],"collection":[{"href":"https:\/\/ksagros.pl\/index.php\/wp-json\/wp\/v2\/posts"}],"about":[{"href":"https:\/\/ksagros.pl\/index.php\/wp-json\/wp\/v2\/types\/post"}],"author":[{"embeddable":true,"href":"https:\/\/ksagros.pl\/index.php\/wp-json\/wp\/v2\/users\/2"}],"replies":[{"embeddable":true,"href":"https:\/\/ksagros.pl\/index.php\/wp-json\/wp\/v2\/comments?post=1684"}],"version-history":[{"count":1,"href":"https:\/\/ksagros.pl\/index.php\/wp-json\/wp\/v2\/posts\/1684\/revisions"}],"predecessor-version":[{"id":1688,"href":"https:\/\/ksagros.pl\/index.php\/wp-json\/wp\/v2\/posts\/1684\/revisions\/1688"}],"wp:featuredmedia":[{"embeddable":true,"href":"https:\/\/ksagros.pl\/index.php\/wp-json\/wp\/v2\/media\/1687"}],"wp:attachment":[{"href":"https:\/\/ksagros.pl\/index.php\/wp-json\/wp\/v2\/media?parent=1684"}],"wp:term":[{"taxonomy":"category","embeddable":true,"href":"https:\/\/ksagros.pl\/index.php\/wp-json\/wp\/v2\/categories?post=1684"},{"taxonomy":"post_tag","embeddable":true,"href":"https:\/\/ksagros.pl\/index.php\/wp-json\/wp\/v2\/tags?post=1684"}],"curies":[{"name":"wp","href":"https:\/\/api.w.org\/{rel}","templated":true}]}}